{"id":10030,"date":"2024-11-11T08:00:00","date_gmt":"2024-11-11T07:00:00","guid":{"rendered":"https:\/\/osk.koemau.at\/fussball\/?p=10030"},"modified":"2024-11-11T08:04:52","modified_gmt":"2024-11-11T07:04:52","slug":"15-runde-2024-25-samstag-09-november-2024","status":"publish","type":"post","link":"https:\/\/osk.koemau.at\/fussball\/2024\/11\/11\/15-runde-2024-25-samstag-09-november-2024\/","title":{"rendered":"15. Runde 2024\/25 &#8211; Samstag, 09. November 2024"},"content":{"rendered":"<p>SU Oberlienz &#8211;<strong> OSK K\u00f6tschach-Mauthen<\/strong> 8:0 (5:0)<\/p>\n<p><strong>Torsch\u00fctzen:<\/strong> Lukas Ludwig Gregor Wibmer, Julian Nikolaus Gomig (3), Elias Ebner, Maximilian Pichlkostner, Luis Henrique Oliveira de Almeida und Jakob Weger<\/p>\n<p><strong>Schiedsrichter:<\/strong> Anton Aichholzer<\/p>\n<p><strong>Zuschauer:<\/strong> 100<\/p>\n<p>Nach der 1:3 Heimniederlage gegen den FC Sillian am vergangenen Wochenende stand an diesem Wochenende das letzte Spiel vor der Winterpause an. Unsere Mannschaft war bei der SU Oberlienz im Einsatz.<\/p>\n<p><!--more--><\/p>\n<p>Nach einem ausgeglichenen Start in die Partie hatten beide Teams fr\u00fch ihre ersten Torabschl\u00fcsse. Die erste Chance des Spiels geh\u00f6rte den Gastgebern aus Oberlienz, doch ihr Abschluss verfehlte das Geh\u00e4use von OSK-Schlussmann Thomas Warmuth nur knapp. In der 11. Spielminute bot sich unserer Mannschaft die erste Gro\u00dfchance des Spiels. Christian Niescher setzte Kristjan Kovacevic mit einem pr\u00e4zisen Pass in Szene. Dieser lief auf den gegnerischen Tormann zu, wurde jedoch kurz vor dem Abschluss unsanft von den Beinen geholt. Schiedsrichter Anton Aichholzer entschied auf Freisto\u00df und zeigte dem Torwart die gelbe Karte. Marko Gajic trat an und zwang den Torh\u00fcter zu einer starken Parade. Der Abpraller landete vor den F\u00fc\u00dfen von Kristjan Kovacevic, der den Ball jedoch knapp am Tor vorbeischoss. Im direkten Gegenzug kamen die Oberlienzner zu ihrer n\u00e4chsten Gelegenheit, aber Thomas Warmuth bewies sein K\u00f6nnen und parierte stark. In der 20. Minute erspielte sich unser Team erneut eine vielversprechende Chance: Wieder setzte Niescher Kovacevic in Szene, der jedoch erneut das Ziel verfehlte. Die Gastgeber gingen in der 25. Minute in F\u00fchrung. Eine Flanke von der linken Seite wurde zun\u00e4chst aus dem Strafraum gekl\u00e4rt, doch ein Spieler der SU Oberlienz nutzte den Abpraller und verwandelte aus der Distanz ins flache linke Eck zum 1:0. Nur f\u00fcnf Minuten sp\u00e4ter hatte unsere Mannschaft die M\u00f6glichkeit, auszugleichen. Doch Kristjan Kovacevic, der heute nicht vom Gl\u00fcck verfolgt war, setzte seinen Versuch erneut knapp am Tor vorbei. In der 32. Spielminute baute Oberlienz seine F\u00fchrung auf 2:0 aus. Ein schneller Konter \u00fcberrumpelte die Verteidigung des OSK, und der Angreifer der Heimischen lie\u00df Thomas Warmuth keine Chance. Nur f\u00fcnf Minuten sp\u00e4ter folgte das 3:0: Ein platzierter Schuss unter die Latte markierte den n\u00e4chsten Treffer f\u00fcr die Gastgeber. Unsere Mannschaft war in dieser Phase des Spiels sichtlich \u00fcberfordert und fand kaum Entlastung. Kurz vor der Halbzeit, in der 42. Minute, erh\u00f6hte Oberlienz nach einem wundersch\u00f6nen Distanzschuss auf 4:0. Den Schlusspunkt der ersten Halbzeit setzte ein direkter Freisto\u00df der Heimischen, der zum 5:0 im Netz zappelte.<\/p>\n<p>Mit diesem bitteren Ergebnis ging es in die Pause, doch auch in der zweiten H\u00e4lfte blieb unser Team chancenlos. Bereits in der 53. Spielminute erzielten die Gastgeber per Konter das 6:0. Man versuchte in der Folge, etwas mehr Stabilit\u00e4t in die Defensive zu bringen, kam jedoch kaum noch zu eigenen Angriffen. Zehn Minuten vor Schluss fiel das 7:0, ehe in der 86. Minute der Schlusspunkt zum 8:0 Endstand gesetzt wurde.<\/p>\n<p>Nach dieser bitteren 8:0-Niederlage gegen die SU Oberlienz hei\u00dft es nun das Spiel schnell abzuhaken und die richtigen Lehren daraus zu ziehen. Obwohl man eigentlich gut in das Spiel gestartet ist und auch die ein oder andere gute Torchance hatte war man ab der 25. Spielminute \u00fcberhaupt nicht mehr im Spiel und kassierte viele unn\u00f6tige Gegentreffer.<\/p>\n<p>Damit \u00fcberwintert unsere Mannschaft auf dem 7. Tabellenplatz. Unser Challengeteam befindet sich aktuell auf dem 11. Tabellenplatz.<\/p>\n<p><strong style=\"font-size: revert;color: initial\">Der OSK spielte mit:<\/strong><\/p>\n<div class=\"gA gt acV\">\n<div class=\"gB xu\">\n<div class=\"ip iq\"><div class=\"sportspress\">\t\t<div class=\"sp-event-performance-tables sp-event-performance-teams\">\n\t\t\t<div class=\"sp-ext-formation-item sp-template sp-template-event-performance sp-template-event-performance-icons\t\t\t\t\t\t\t\t\t\t\t\t\t\t\t\t\t\t\t\t\t\t\t   \">\n\t\t\t<h4 class=\"sp-table-caption\">OSK K\u00f6tschach-Mauthen<\/h4>\n\t\t<div class=\"sp-ext-formation-wrapper\">\n\t\t<img decoding=\"async\" class=\"sp-ext-formation-bg\" src=\"https:\/\/osk.koemau.at\/fussball\/wp-content\/plugins\/sportspress-extension\/templates\/..\/assets\/svg\/football-field.svg\" \/>\n\t\t<div class=\"sp-ext-formation\">\n\t\t\t\t\t\t\t<div class=\"sp-ext-formation-line\"><div class=\"sp-ext-formation-player\"><div class=\"sp-ext-formation-shirt-goalkeeper\"><img decoding=\"async\" src=\"https:\/\/osk.koemau.at\/fussball\/wp-content\/plugins\/sportspress-extension\/templates\/..\/assets\/images\/shirt-goalkeeper.png\" \/><span class=\"sp-ext-formation-player-number\">1<\/span><\/div><a class=\"sp-ext-formation-player-name\" href=\"https:\/\/osk.koemau.at\/fussball\/spieler\/thomas-warmuth\/\">T. Warmuth<\/a><div class=\"sp-ext-formation-player-performance-icons\"><\/div><\/div><\/div><div class=\"sp-ext-formation-line\"><div class=\"sp-ext-formation-player\"><div class=\"sp-ext-formation-shirt\"><img decoding=\"async\" src=\"https:\/\/osk.koemau.at\/fussball\/wp-content\/plugins\/sportspress-extension\/templates\/..\/assets\/images\/shirt.png\" \/><span class=\"sp-ext-formation-player-number\">3<\/span><\/div><a class=\"sp-ext-formation-player-name\" href=\"https:\/\/osk.koemau.at\/fussball\/spieler\/andreas-obernosterer\/\">A. Obernosterer<\/a><div class=\"sp-ext-formation-player-performance-icons\"><\/div><\/div><div class=\"sp-ext-formation-player\"><div class=\"sp-ext-formation-shirt\"><img decoding=\"async\" src=\"https:\/\/osk.koemau.at\/fussball\/wp-content\/plugins\/sportspress-extension\/templates\/..\/assets\/images\/shirt.png\" \/><span class=\"sp-ext-formation-player-number\"><\/span><\/div><a class=\"sp-ext-formation-player-name\" href=\"https:\/\/osk.koemau.at\/fussball\/spieler\/marko-gajic\/\">M. Gajic<\/a><div class=\"sp-ext-formation-player-performance-icons\"><\/div><\/div><div class=\"sp-ext-formation-player\"><div class=\"sp-ext-formation-shirt\"><img decoding=\"async\" src=\"https:\/\/osk.koemau.at\/fussball\/wp-content\/plugins\/sportspress-extension\/templates\/..\/assets\/images\/shirt.png\" \/><span class=\"sp-ext-formation-player-number\">2<\/span><\/div><a class=\"sp-ext-formation-player-name\" href=\"https:\/\/osk.koemau.at\/fussball\/spieler\/marko-markovic\/\">M. Markovic<\/a><div class=\"sp-ext-formation-player-performance-icons\"><i class=\"sp-icon-sub\" title=\"Auswechslung - 72' - Matthias Ainetter\" style=\"color: !important\"><\/i><\/div><\/div><div class=\"sp-ext-formation-player\"><div class=\"sp-ext-formation-shirt\"><img decoding=\"async\" src=\"https:\/\/osk.koemau.at\/fussball\/wp-content\/plugins\/sportspress-extension\/templates\/..\/assets\/images\/shirt.png\" \/><span class=\"sp-ext-formation-player-number\">6<\/span><\/div><a class=\"sp-ext-formation-player-name\" href=\"https:\/\/osk.koemau.at\/fussball\/spieler\/niklas-hohenwarter\/\">N. Hohenwarter<\/a><div class=\"sp-ext-formation-player-performance-icons\"><i class=\"sp-icon-sub\" title=\"Auswechslung - 61' - Paul Stampfer\" style=\"color: !important\"><\/i><\/div><\/div><\/div><div class=\"sp-ext-formation-line\"><div class=\"sp-ext-formation-player\"><div class=\"sp-ext-formation-shirt\"><img decoding=\"async\" src=\"https:\/\/osk.koemau.at\/fussball\/wp-content\/plugins\/sportspress-extension\/templates\/..\/assets\/images\/shirt.png\" \/><span class=\"sp-ext-formation-player-number\">10<\/span><\/div><a class=\"sp-ext-formation-player-name\" href=\"https:\/\/osk.koemau.at\/fussball\/spieler\/diego-mareschi\/\">D. Mareschi<\/a><div class=\"sp-ext-formation-player-performance-icons\"><i class=\"sp-icon-sub\" title=\"Auswechslung - 61' - Julian Anether\" style=\"color: !important\"><\/i><\/div><\/div><div class=\"sp-ext-formation-player\"><div class=\"sp-ext-formation-shirt\"><img decoding=\"async\" src=\"https:\/\/osk.koemau.at\/fussball\/wp-content\/plugins\/sportspress-extension\/templates\/..\/assets\/images\/shirt.png\" \/><span class=\"sp-ext-formation-player-number\">12<\/span><\/div><a class=\"sp-ext-formation-player-name\" href=\"https:\/\/osk.koemau.at\/fussball\/spieler\/mario-hartlieb\/\">M. Hartlieb<\/a><div class=\"sp-ext-formation-player-performance-icons\"><\/div><\/div><\/div><div class=\"sp-ext-formation-line\"><div class=\"sp-ext-formation-player\"><div class=\"sp-ext-formation-shirt\"><img decoding=\"async\" src=\"https:\/\/osk.koemau.at\/fussball\/wp-content\/plugins\/sportspress-extension\/templates\/..\/assets\/images\/shirt.png\" \/><span class=\"sp-ext-formation-player-number\">5<\/span><\/div><a class=\"sp-ext-formation-player-name\" href=\"https:\/\/osk.koemau.at\/fussball\/spieler\/lukas-trittinger\/\">L. Trittinger<\/a><div class=\"sp-ext-formation-player-performance-icons\"><i class=\"sp-icon-sub\" title=\"Auswechslung - 76' - Fabio Vidali\" style=\"color: !important\"><\/i><\/div><\/div><div class=\"sp-ext-formation-player\"><div class=\"sp-ext-formation-shirt\"><img decoding=\"async\" src=\"https:\/\/osk.koemau.at\/fussball\/wp-content\/plugins\/sportspress-extension\/templates\/..\/assets\/images\/shirt.png\" \/><span class=\"sp-ext-formation-player-number\">19<\/span><\/div><a class=\"sp-ext-formation-player-name\" href=\"https:\/\/osk.koemau.at\/fussball\/spieler\/christian-zankl\/\">C. Zankl<\/a><div class=\"sp-ext-formation-player-performance-icons\"><\/div><\/div><div class=\"sp-ext-formation-player\"><div class=\"sp-ext-formation-shirt\"><img decoding=\"async\" src=\"https:\/\/osk.koemau.at\/fussball\/wp-content\/plugins\/sportspress-extension\/templates\/..\/assets\/images\/shirt.png\" \/><span class=\"sp-ext-formation-player-number\"><\/span><\/div><a class=\"sp-ext-formation-player-name\" href=\"https:\/\/osk.koemau.at\/fussball\/spieler\/kristjan-kovacevic\/\">K. Kovacevic<\/a><div class=\"sp-ext-formation-player-performance-icons\"><\/div><\/div><\/div><div class=\"sp-ext-formation-line\"><div class=\"sp-ext-formation-player\"><div class=\"sp-ext-formation-shirt\"><img decoding=\"async\" src=\"https:\/\/osk.koemau.at\/fussball\/wp-content\/plugins\/sportspress-extension\/templates\/..\/assets\/images\/shirt.png\" \/><span class=\"sp-ext-formation-player-number\">17<\/span><\/div><a class=\"sp-ext-formation-player-name\" href=\"https:\/\/osk.koemau.at\/fussball\/spieler\/christian-niescher\/\">C. Niescher<\/a><div class=\"sp-ext-formation-player-performance-icons\"><\/div><\/div><\/div><div class=\"sp-ext-formation-subs\"><div class=\"sp-ext-formation-player\"><div class=\"sp-ext-formation-shirt\"><img decoding=\"async\" src=\"https:\/\/osk.koemau.at\/fussball\/wp-content\/plugins\/sportspress-extension\/templates\/..\/assets\/images\/shirt.png\" \/><span class=\"sp-ext-formation-player-number\"><\/span><\/div><a class=\"sp-ext-formation-player-name\" href=\"https:\/\/osk.koemau.at\/fussball\/spieler\/fabio-vidali\/\">F. Vidali<\/a><div class=\"sp-ext-formation-player-performance-icons\"><i class=\"sp-icon-sub\" title=\"Auswechslung - 76' - Lukas Trittinger\" style=\"color: !important\"><\/i><\/div><\/div><div class=\"sp-ext-formation-player\"><div class=\"sp-ext-formation-shirt\"><img decoding=\"async\" src=\"https:\/\/osk.koemau.at\/fussball\/wp-content\/plugins\/sportspress-extension\/templates\/..\/assets\/images\/shirt.png\" \/><span class=\"sp-ext-formation-player-number\"><\/span><\/div><a class=\"sp-ext-formation-player-name\" href=\"https:\/\/osk.koemau.at\/fussball\/spieler\/julian-anether\/\">J. Anether<\/a><div class=\"sp-ext-formation-player-performance-icons\"><i class=\"sp-icon-sub\" title=\"Auswechslung - 61' - Diego Mareschi\" style=\"color: !important\"><\/i><\/div><\/div><div class=\"sp-ext-formation-player\"><div class=\"sp-ext-formation-shirt\"><img decoding=\"async\" src=\"https:\/\/osk.koemau.at\/fussball\/wp-content\/plugins\/sportspress-extension\/templates\/..\/assets\/images\/shirt.png\" \/><span class=\"sp-ext-formation-player-number\"><\/span><\/div><a class=\"sp-ext-formation-player-name\" href=\"https:\/\/osk.koemau.at\/fussball\/spieler\/mathias-ainetter\/\">M. Ainetter<\/a><div class=\"sp-ext-formation-player-performance-icons\"><i class=\"sp-icon-sub\" title=\"Auswechslung - 72' - Marko Markovic\" style=\"color: !important\"><\/i><\/div><\/div><div class=\"sp-ext-formation-player\"><div class=\"sp-ext-formation-shirt\"><img decoding=\"async\" src=\"https:\/\/osk.koemau.at\/fussball\/wp-content\/plugins\/sportspress-extension\/templates\/..\/assets\/images\/shirt.png\" \/><span class=\"sp-ext-formation-player-number\">15<\/span><\/div><a class=\"sp-ext-formation-player-name\" href=\"https:\/\/osk.koemau.at\/fussball\/spieler\/paul-stampfer\/\">P. Stampfer<\/a><div class=\"sp-ext-formation-player-performance-icons\"><i class=\"sp-icon-sub\" title=\"Auswechslung - 61' - Niklas Hohenwarter\" style=\"color: !important\"><\/i><\/div><\/div><div class=\"sp-ext-formation-player\"><div class=\"sp-ext-formation-shirt-goalkeeper\"><img decoding=\"async\" src=\"https:\/\/osk.koemau.at\/fussball\/wp-content\/plugins\/sportspress-extension\/templates\/..\/assets\/images\/shirt-goalkeeper.png\" \/><span class=\"sp-ext-formation-player-number\">1<\/span><\/div><a class=\"sp-ext-formation-player-name\" href=\"https:\/\/osk.koemau.at\/fussball\/spieler\/pius-urbaner\/\">P. Urbaner<\/a><div class=\"sp-ext-formation-player-performance-icons\"><\/div><\/div><\/div>\t\t\t\t\t<\/div>\n\t<\/div>\n\t<\/div>\t\t<\/div><!-- .sp-event-performance-tables -->\n\t\t<\/div><\/div>\n<\/div>\n<\/div>\n<p><strong>Hier geht\u00b4s zum Spielbericht des \u00d6FB:<\/strong><\/p>\n<p><a href=\"https:\/\/www.oefb.at\/bewerbe\/Spiel\/Spielbericht\/3611987\/?Oberlienz-vs-Koetschach\">https:\/\/www.oefb.at\/bewerbe\/Spiel\/Spielbericht\/3611987\/?Oberlienz-vs-Koetschach<\/a><\/p>\n<p>Auch f\u00fcr unsere Challengemannschaft gab es nichts zu holen. Man musste sich im Vorspiel gegen die SU Oberlienz klar mit 11:0 geschlagen geben.<\/p>\n<p><strong>Das Challenge Team spielte mit:\u00a0<\/strong><\/p>\n<p>Schmid P. &#8211; Vidali F., Lederer W., Lamprecht M., Hohenwarter S. &#8211; Anether J., Ainetter M., Trittinger C., Oberressl M. &#8211; M\u00f6lcnik T., Pieler D.<\/p>\n<p><strong>Hier geht\u00b4s zum Spielbericht des \u00d6FB :\u00a0<\/strong><\/p>\n<p><a href=\"https:\/\/www.oefb.at\/bewerbe\/Spiel\/Spielbericht\/3612155\/?Oberlienz-vs-Koetschach\">https:\/\/www.oefb.at\/bewerbe\/Spiel\/Spielbericht\/3612155\/?Oberlienz-vs-Koetschach<\/a><\/p>\n\n\n<p><\/p>\n","protected":false},"excerpt":{"rendered":"<p>SU Oberlienz &#8211; OSK K\u00f6tschach-Mauthen 8:0 (5:0) Torsch\u00fctzen: Lukas Ludwig Gregor Wibmer, Julian Nikolaus Gomig (3), Elias Ebner, Maximilian Pichlkostner, Luis Henrique Oliveira de Almeida und Jakob Weger Schiedsrichter: Anton Aichholzer Zuschauer: 100 Nach der 1:3 Heimniederlage gegen den FC Sillian am vergangenen Wochenende stand an diesem Wochenende das letzte Spiel vor der Winterpause an. [&hellip;]<\/p>\n","protected":false},"author":3,"featured_media":0,"comment_status":"closed","ping_status":"open","sticky":false,"template":"","format":"standard","meta":{"footnotes":""},"categories":[1],"tags":[],"_links":{"self":[{"href":"https:\/\/osk.koemau.at\/fussball\/wp-json\/wp\/v2\/posts\/10030"}],"collection":[{"href":"https:\/\/osk.koemau.at\/fussball\/wp-json\/wp\/v2\/posts"}],"about":[{"href":"https:\/\/osk.koemau.at\/fussball\/wp-json\/wp\/v2\/types\/post"}],"author":[{"embeddable":true,"href":"https:\/\/osk.koemau.at\/fussball\/wp-json\/wp\/v2\/users\/3"}],"replies":[{"embeddable":true,"href":"https:\/\/osk.koemau.at\/fussball\/wp-json\/wp\/v2\/comments?post=10030"}],"version-history":[{"count":5,"href":"https:\/\/osk.koemau.at\/fussball\/wp-json\/wp\/v2\/posts\/10030\/revisions"}],"predecessor-version":[{"id":10045,"href":"https:\/\/osk.koemau.at\/fussball\/wp-json\/wp\/v2\/posts\/10030\/revisions\/10045"}],"wp:attachment":[{"href":"https:\/\/osk.koemau.at\/fussball\/wp-json\/wp\/v2\/media?parent=10030"}],"wp:term":[{"taxonomy":"category","embeddable":true,"href":"https:\/\/osk.koemau.at\/fussball\/wp-json\/wp\/v2\/categories?post=10030"},{"taxonomy":"post_tag","embeddable":true,"href":"https:\/\/osk.koemau.at\/fussball\/wp-json\/wp\/v2\/tags?post=10030"}],"curies":[{"name":"wp","href":"https:\/\/api.w.org\/{rel}","templated":true}]}}