{"id":10130,"date":"2025-05-05T07:00:00","date_gmt":"2025-05-05T05:00:00","guid":{"rendered":"https:\/\/osk.koemau.at\/fussball\/?p=10130"},"modified":"2025-05-05T07:59:37","modified_gmt":"2025-05-05T05:59:37","slug":"21-runde-2024-2025-samstag-03-mai-2025","status":"publish","type":"post","link":"https:\/\/osk.koemau.at\/fussball\/2025\/05\/05\/21-runde-2024-2025-samstag-03-mai-2025\/","title":{"rendered":"21. Runde 2024\/2025 &#8211; Samstag, 03. Mai 2025"},"content":{"rendered":"<p>SK Kirchbach &#8211; <strong>OSK K\u00f6tschach-Mauthen<\/strong> 0:2 (0:0)<\/p>\n<p>Torsch\u00fctzen: keine bzw. Christian Zankl und Marco Lesiak<\/p>\n<p>rote Karte: Christoph Brandst\u00e4tter (Torchancenverhinderung)<\/p>\n<p>Schiedsrichter: Michell Kollreider (Christoph J\u00f6rg Eggerer)<\/p>\n<p>Zuschauer: 225<\/p>\n<p>An diesem Wochenende stand das Gailtalderby der 1. Klasse A am Programm. Unsere Mannschaft war beim SK Kirchbach zu Gast. Das Hinspiel endete mit einem 2:2 Unentschieden.<\/p>\n<p><!--more--><\/p>\n<div class=\"flex max-w-full flex-col flex-grow\">\n<div class=\"min-h-[20px] text-message flex w-full flex-col items-end gap-2 whitespace-pre-wrap break-words [.text-message+&amp;]:mt-5 overflow-x-auto\" dir=\"auto\" data-message-author-role=\"assistant\" data-message-id=\"5c445438-8449-43b1-838c-9f3321b30424\">\n<div class=\"flex w-full flex-col gap-1 empty:hidden first:pt-[3px]\">\n<div class=\"markdown prose w-full break-words dark:prose-invert dark\">\n<div class=\"flex max-w-full flex-col flex-grow\">\n<div class=\"min-h-[20px] text-message flex w-full flex-col items-end gap-2 whitespace-normal break-words [.text-message+&amp;]:mt-5\" dir=\"auto\" data-message-author-role=\"assistant\" data-message-id=\"5e838090-d1db-4978-976f-a9fdcf549861\">\n<div class=\"flex w-full flex-col gap-1 empty:hidden first:pt-[3px]\">\n<div class=\"markdown prose w-full break-words dark:prose-invert dark\">\n<div class=\"flex max-w-full flex-col flex-grow\">\n<div class=\"min-h-8 text-message flex w-full flex-col items-end gap-2 whitespace-normal break-words [.text-message+&amp;]:mt-5\" dir=\"auto\" data-message-author-role=\"assistant\" data-message-id=\"e7a26007-fc58-48a1-b473-85b9e097c2dc\" data-message-model-slug=\"gpt-4o\">\n<div class=\"flex w-full flex-col gap-1 empty:hidden first:pt-[3px]\">\n<div class=\"markdown prose w-full break-words dark:prose-invert dark\">\n<div class=\"flex max-w-full flex-col flex-grow\">\n<div class=\"min-h-8 text-message flex w-full flex-col items-end gap-2 whitespace-normal break-words [.text-message+&amp;]:mt-5\" dir=\"auto\" data-message-author-role=\"assistant\" data-message-id=\"0232ae5b-d359-4d2b-aa18-c6b5869739c1\" data-message-model-slug=\"gpt-4o\">\n<div class=\"flex w-full flex-col gap-1 empty:hidden first:pt-[3px]\">\n<div class=\"markdown prose w-full break-words dark:prose-invert dark\">\n<h3><strong>Geduld wird belohnt \u2013 sp\u00e4te Tore sichern uns drei Punkte im Ausw\u00e4rtsderby<\/strong><\/h3>\n<p class=\"\" data-start=\"287\" data-end=\"583\">In einem hart umk\u00e4mpften Ausw\u00e4rtsspiel gegen den SK Kirchbach konnte sich unsere Mannschaft mit einem verdienten 0:2-Erfolg durchsetzen. Nach einem z\u00e4hen Beginn und einer langen Geduldsprobe sorgten wir in der Schlussphase f\u00fcr die Entscheidung und nahmen drei wichtige Punkte mit nach Hause.<\/p>\n<h3 class=\"\" data-start=\"590\" data-end=\"614\"><strong data-start=\"594\" data-end=\"612\">Erste Halbzeit<\/strong><\/h3>\n<p class=\"\" data-start=\"615\" data-end=\"1039\">Wir fanden nur schwer ins Spiel \u2013 insbesondere in den Anfangsminuten machten wir uns das Leben durch unn\u00f6tige Fehler im Spielaufbau selbst schwer und kamen nicht richtig in den Rhythmus. Die Gastgeber nutzten unsere Unsicherheiten prompt aus und hatten die erste Gro\u00dfchance der Partie. Doch unser Tormann Pius Urbaner bewahrte uns mit zwei unglaublichen Reflexen vor einem fr\u00fchen R\u00fcckstand \u2013 eine absolute Glanzleistung!<\/p>\n<p class=\"\" data-start=\"1041\" data-end=\"1389\">In Minute 23 meldeten wir uns offensiv erstmals gef\u00e4hrlich: Kristjan Kovacevic kam aus guter Position zum Abschluss, zielte aber zu zentral \u2013 kein Problem f\u00fcr den Kirchbacher Schlussmann. Auch Christian Niescher (33.) und Florian Lederer (42.) scheiterten mit \u00e4hnlichen Abschl\u00fcssen, die jeweils zu unplatziert ausfielen. So ging es torlos in die Kabine.<\/p>\n<h3 class=\"\" data-start=\"1396\" data-end=\"1421\"><strong data-start=\"1400\" data-end=\"1419\">Zweite Halbzeit<\/strong><\/h3>\n<p class=\"\" data-start=\"1422\" data-end=\"1713\">Direkt nach dem Seitenwechsel kam es zu einer wahrscheinlich spielentscheidenden Szene: Christian Niescher wurde bei einer klaren Torchance regelwidrig zu Fall gebracht \u2013 der Schiedsrichter Michell Kollreider zeigte dem Kirchbacher Abwehrspieler die Rote Karte. Unsere Mannschaft spielte somit fast die komplette zweite Halbzeit in \u00dcberzahl.<\/p>\n<p class=\"\" data-start=\"1715\" data-end=\"2001\">Wir \u00fcbernahmen sofort die Kontrolle und dominierten das Spielgeschehen. Trotz zahlreicher guter Ans\u00e4tze fehlte uns zun\u00e4chst die Durchschlagskraft im Abschluss. Kirchbach zog sich tief zur\u00fcck und versuchte, \u00fcber Konter gef\u00e4hrlich zu werden, kam aber kaum durch unsere kompakte Defensive.<\/p>\n<p class=\"\" data-start=\"2003\" data-end=\"2437\">Als das Spiel bereits auf ein torloses Remis zuzusteuern schien, schlugen wir doch noch zu: In der 87. Minute war es Christian Zankl, der nach einem Eckball am kurzen Pfosten per Kopf zur vielumjubelten 0:1-F\u00fchrung traf. In der Nachspielzeit setzte Marco Lesiak mit einem herrlichen Weitschuss aus rund 35 Metern den Schlusspunkt \u2013 der gegnerische Tormann stand etwas zu weit vor seinem Tor und konnte den Ball nicht mehr abwehren.<\/p>\n<h3 class=\"\" data-start=\"2444\" data-end=\"2459\"><strong data-start=\"2448\" data-end=\"2457\">Fazit<\/strong><\/h3>\n<p class=\"\" data-start=\"2460\" data-end=\"2832\">Auch wenn wir zu Beginn M\u00fche hatten, ins Spiel zu finden, haben wir \u00fcber den Kampf ins Spiel gefunden, in \u00dcberzahl das Heft in die Hand genommen und uns mit einem sp\u00e4ten, aber umso verdienteren Derbysieg belohnt. Mit diesem 0:2-Ausw\u00e4rtssieg beim SK Kirchbach holen wir uns nicht nur drei wichtige Punkte, sondern auch das n\u00f6tige Selbstvertrauen f\u00fcr die kommenden Aufgaben!<\/p>\n<\/div>\n<p data-start=\"3523\" data-end=\"3831\">Weiter geht es am kommenden Samstag, 10. Mai mit dem Heimspiel gegen den SV Penk. Anpfiff der Partie ist um 16:00 Uhr. Bereits um 14:00 Uhr treffen im Vorspiel die beiden Challengemannschaften aufeinander.<\/p>\n<p data-start=\"3523\" data-end=\"3831\">Der OSK K\u00f6tschach-Mauthen hofft auf zahlreiche Unterst\u00fctzung unserer Fans.<\/p>\n<p data-start=\"3523\" data-end=\"3831\">\u00a0<\/p>\n<\/div>\n<\/div>\n<\/div>\n<p><strong style=\"font-size: revert;color: initial\"><span style=\"color: initial;font-size: revert\">Der OSK spielte mit:<\/span><\/strong><\/p>\n<div class=\"sportspress\">\t\t<div class=\"sp-event-performance-tables sp-event-performance-teams\">\n\t\t\t<div class=\"sp-ext-formation-item sp-template sp-template-event-performance sp-template-event-performance-icons\t\t\t\t\t\t\t\t\t\t\t\t\t\t\t\t\t\t\t\t\t\t\t   \">\n\t\t\t<h4 class=\"sp-table-caption\">OSK K\u00f6tschach-Mauthen<\/h4>\n\t\t<div class=\"sp-ext-formation-wrapper\">\n\t\t<img decoding=\"async\" class=\"sp-ext-formation-bg\" src=\"https:\/\/osk.koemau.at\/fussball\/wp-content\/plugins\/sportspress-extension\/templates\/..\/assets\/svg\/football-field.svg\" \/>\n\t\t<div class=\"sp-ext-formation\">\n\t\t\t\t\t\t\t<div class=\"sp-ext-formation-line\"><div class=\"sp-ext-formation-player\"><div class=\"sp-ext-formation-shirt-goalkeeper\"><img decoding=\"async\" src=\"https:\/\/osk.koemau.at\/fussball\/wp-content\/plugins\/sportspress-extension\/templates\/..\/assets\/images\/shirt-goalkeeper.png\" \/><span class=\"sp-ext-formation-player-number\">1<\/span><\/div><a class=\"sp-ext-formation-player-name\" href=\"https:\/\/osk.koemau.at\/fussball\/spieler\/pius-urbaner\/\">P. Urbaner<\/a><div class=\"sp-ext-formation-player-performance-icons\"><\/div><\/div><\/div><div class=\"sp-ext-formation-line\"><div class=\"sp-ext-formation-player\"><div class=\"sp-ext-formation-shirt\"><img decoding=\"async\" src=\"https:\/\/osk.koemau.at\/fussball\/wp-content\/plugins\/sportspress-extension\/templates\/..\/assets\/images\/shirt.png\" \/><span class=\"sp-ext-formation-player-number\">3<\/span><\/div><a class=\"sp-ext-formation-player-name\" href=\"https:\/\/osk.koemau.at\/fussball\/spieler\/andreas-obernosterer\/\">A. Obernosterer<\/a><div class=\"sp-ext-formation-player-performance-icons\"><\/div><\/div><div class=\"sp-ext-formation-player\"><div class=\"sp-ext-formation-shirt\"><img decoding=\"async\" src=\"https:\/\/osk.koemau.at\/fussball\/wp-content\/plugins\/sportspress-extension\/templates\/..\/assets\/images\/shirt.png\" \/><span class=\"sp-ext-formation-player-number\">11<\/span><\/div><a class=\"sp-ext-formation-player-name\" href=\"https:\/\/osk.koemau.at\/fussball\/spieler\/christoph-schellander\/\">C. Schellander<\/a><div class=\"sp-ext-formation-player-performance-icons\"><\/div><\/div><div class=\"sp-ext-formation-player\"><div class=\"sp-ext-formation-shirt\"><img decoding=\"async\" src=\"https:\/\/osk.koemau.at\/fussball\/wp-content\/plugins\/sportspress-extension\/templates\/..\/assets\/images\/shirt.png\" \/><span class=\"sp-ext-formation-player-number\">15<\/span><\/div><a class=\"sp-ext-formation-player-name\" href=\"https:\/\/osk.koemau.at\/fussball\/spieler\/samuel-karl\/\">S. Karl<\/a><div class=\"sp-ext-formation-player-performance-icons\"><i class=\"sp-icon-sub\" title=\"Auswechslung - 70' - Julian Anether\" style=\"color: !important\"><\/i><\/div><\/div><\/div><div class=\"sp-ext-formation-line\"><div class=\"sp-ext-formation-player\"><div class=\"sp-ext-formation-shirt\"><img decoding=\"async\" src=\"https:\/\/osk.koemau.at\/fussball\/wp-content\/plugins\/sportspress-extension\/templates\/..\/assets\/images\/shirt.png\" \/><span class=\"sp-ext-formation-player-number\">14<\/span><\/div><a class=\"sp-ext-formation-player-name\" href=\"https:\/\/osk.koemau.at\/fussball\/spieler\/lenart-brolih\/\">L. Brolih<\/a><div class=\"sp-ext-formation-player-performance-icons\"><\/div><\/div><div class=\"sp-ext-formation-player\"><div class=\"sp-ext-formation-shirt\"><img decoding=\"async\" src=\"https:\/\/osk.koemau.at\/fussball\/wp-content\/plugins\/sportspress-extension\/templates\/..\/assets\/images\/shirt.png\" \/><span class=\"sp-ext-formation-player-number\">18<\/span><\/div><a class=\"sp-ext-formation-player-name\" href=\"https:\/\/osk.koemau.at\/fussball\/spieler\/marco-lesiak\/\">M. Lesiak<\/a><div class=\"sp-ext-formation-player-performance-icons\"><i class=\"sp-icon-soccerball\" title=\"Tor - 94'\" style=\"color: !important\"><\/i><\/div><\/div><\/div><div class=\"sp-ext-formation-line\"><div class=\"sp-ext-formation-player\"><div class=\"sp-ext-formation-shirt\"><img decoding=\"async\" src=\"https:\/\/osk.koemau.at\/fussball\/wp-content\/plugins\/sportspress-extension\/templates\/..\/assets\/images\/shirt.png\" \/><span class=\"sp-ext-formation-player-number\">19<\/span><\/div><a class=\"sp-ext-formation-player-name\" href=\"https:\/\/osk.koemau.at\/fussball\/spieler\/christian-zankl\/\">C. Zankl<\/a><div class=\"sp-ext-formation-player-performance-icons\"><i class=\"sp-icon-soccerball\" title=\"Tor - 87'\" style=\"color: !important\"><\/i><\/div><\/div><div class=\"sp-ext-formation-player\"><div class=\"sp-ext-formation-shirt\"><img decoding=\"async\" src=\"https:\/\/osk.koemau.at\/fussball\/wp-content\/plugins\/sportspress-extension\/templates\/..\/assets\/images\/shirt.png\" \/><span class=\"sp-ext-formation-player-number\">10<\/span><\/div><a class=\"sp-ext-formation-player-name\" href=\"https:\/\/osk.koemau.at\/fussball\/spieler\/florian-lederer\/\">F. Lederer<\/a><div class=\"sp-ext-formation-player-performance-icons\"><i class=\"sp-icon-sub\" title=\"Auswechslung - 84' - Mathias Ertl\" style=\"color: !important\"><\/i><\/div><\/div><div class=\"sp-ext-formation-player\"><div class=\"sp-ext-formation-shirt\"><img decoding=\"async\" src=\"https:\/\/osk.koemau.at\/fussball\/wp-content\/plugins\/sportspress-extension\/templates\/..\/assets\/images\/shirt.png\" \/><span class=\"sp-ext-formation-player-number\">5<\/span><\/div><a class=\"sp-ext-formation-player-name\" href=\"https:\/\/osk.koemau.at\/fussball\/spieler\/lukas-trittinger\/\">L. Trittinger<\/a><div class=\"sp-ext-formation-player-performance-icons\"><\/div><\/div><\/div><div class=\"sp-ext-formation-line\"><div class=\"sp-ext-formation-player\"><div class=\"sp-ext-formation-shirt\"><img decoding=\"async\" src=\"https:\/\/osk.koemau.at\/fussball\/wp-content\/plugins\/sportspress-extension\/templates\/..\/assets\/images\/shirt.png\" \/><span class=\"sp-ext-formation-player-number\">17<\/span><\/div><a class=\"sp-ext-formation-player-name\" href=\"https:\/\/osk.koemau.at\/fussball\/spieler\/christian-niescher\/\">C. Niescher<\/a><div class=\"sp-ext-formation-player-performance-icons\"><\/div><\/div><div class=\"sp-ext-formation-player\"><div class=\"sp-ext-formation-shirt\"><img decoding=\"async\" src=\"https:\/\/osk.koemau.at\/fussball\/wp-content\/plugins\/sportspress-extension\/templates\/..\/assets\/images\/shirt.png\" \/><span class=\"sp-ext-formation-player-number\">7<\/span><\/div><a class=\"sp-ext-formation-player-name\" href=\"https:\/\/osk.koemau.at\/fussball\/spieler\/kristjan-kovacevic\/\">K. Kovacevic<\/a><div class=\"sp-ext-formation-player-performance-icons\"><i class=\"sp-icon-card\" title=\"Gelbe Karte - 85'\" style=\"color:#f4d014 !important\"><\/i><\/div><\/div><\/div><div class=\"sp-ext-formation-subs\"><div class=\"sp-ext-formation-player\"><div class=\"sp-ext-formation-shirt\"><img decoding=\"async\" src=\"https:\/\/osk.koemau.at\/fussball\/wp-content\/plugins\/sportspress-extension\/templates\/..\/assets\/images\/shirt.png\" \/><span class=\"sp-ext-formation-player-number\">12<\/span><\/div><a class=\"sp-ext-formation-player-name\" href=\"https:\/\/osk.koemau.at\/fussball\/spieler\/david-pieler\/\">D. Pieler<\/a><div class=\"sp-ext-formation-player-performance-icons\"><\/div><\/div><div class=\"sp-ext-formation-player\"><div class=\"sp-ext-formation-shirt\"><img decoding=\"async\" src=\"https:\/\/osk.koemau.at\/fussball\/wp-content\/plugins\/sportspress-extension\/templates\/..\/assets\/images\/shirt.png\" \/><span class=\"sp-ext-formation-player-number\">8<\/span><\/div><a class=\"sp-ext-formation-player-name\" href=\"https:\/\/osk.koemau.at\/fussball\/spieler\/julian-anether\/\">J. Anether<\/a><div class=\"sp-ext-formation-player-performance-icons\"><i class=\"sp-icon-sub\" title=\"Auswechslung - 70' - Samuel Karl\" style=\"color: !important\"><\/i><\/div><\/div><div class=\"sp-ext-formation-player\"><div class=\"sp-ext-formation-shirt\"><img decoding=\"async\" src=\"https:\/\/osk.koemau.at\/fussball\/wp-content\/plugins\/sportspress-extension\/templates\/..\/assets\/images\/shirt.png\" \/><span class=\"sp-ext-formation-player-number\">21<\/span><\/div><a class=\"sp-ext-formation-player-name\" href=\"https:\/\/osk.koemau.at\/fussball\/spieler\/mathias-ertl\/\">M. Ertl<\/a><div class=\"sp-ext-formation-player-performance-icons\"><i class=\"sp-icon-sub\" title=\"Auswechslung - 84' - Florian Lederer\" style=\"color: !important\"><\/i><\/div><\/div><div class=\"sp-ext-formation-player\"><div class=\"sp-ext-formation-shirt\"><img decoding=\"async\" src=\"https:\/\/osk.koemau.at\/fussball\/wp-content\/plugins\/sportspress-extension\/templates\/..\/assets\/images\/shirt.png\" \/><span class=\"sp-ext-formation-player-number\">16<\/span><\/div><a class=\"sp-ext-formation-player-name\" href=\"https:\/\/osk.koemau.at\/fussball\/spieler\/mathias-ainetter\/\">M. Ainetter<\/a><div class=\"sp-ext-formation-player-performance-icons\"><\/div><\/div><div class=\"sp-ext-formation-player\"><div class=\"sp-ext-formation-shirt\"><img decoding=\"async\" src=\"https:\/\/osk.koemau.at\/fussball\/wp-content\/plugins\/sportspress-extension\/templates\/..\/assets\/images\/shirt.png\" \/><span class=\"sp-ext-formation-player-number\">9<\/span><\/div><a class=\"sp-ext-formation-player-name\" href=\"https:\/\/osk.koemau.at\/fussball\/spieler\/vito-brolih\/\">V. Brolih<\/a><div class=\"sp-ext-formation-player-performance-icons\"><\/div><\/div><\/div>\t\t\t\t\t<\/div>\n\t<\/div>\n\t<\/div>\t\t<\/div><!-- .sp-event-performance-tables -->\n\t\t<\/div>\n<\/div>\n<\/div>\n<\/div>\n<\/div>\n<\/div>\n<\/div>\n<\/div>\n<\/div>\n<\/div>\n<\/div>\n<\/div>\n<\/div>\n<p><strong>Hier geht\u00b4s zum Spielbericht :<\/strong><\/p>\n<p><a href=\"https:\/\/www.oefb.at\/bewerbe\/Spiel\/Spielbericht\/3612134\/?Kirchbach-vs-Koetschach\">https:\/\/www.oefb.at\/bewerbe\/Spiel\/Spielbericht\/3612134\/?Kirchbach-vs-Koetschach<\/a><\/p>\n<p>Unsere Challengemannschaft war an diesem Wochenende spielfrei, da der SK Kirchbach sein Challengeteam bereits im Herbst aus dem laufenden Spielbetrieb zur\u00fcckzog.<\/p>\n<p><strong>Das Challenge Team spielte mit:<\/strong><\/p>\n<p>&#8211;<\/p>\n<p><strong>Hier geht\u00b4s zum Spielbericht :<\/strong><\/p>\n<p>&#8211;<\/p>\n\n\n<p><\/p>\n","protected":false},"excerpt":{"rendered":"<p>SK Kirchbach &#8211; OSK K\u00f6tschach-Mauthen 0:2 (0:0) Torsch\u00fctzen: keine bzw. Christian Zankl und Marco Lesiak rote Karte: Christoph Brandst\u00e4tter (Torchancenverhinderung) Schiedsrichter: Michell Kollreider (Christoph J\u00f6rg Eggerer) Zuschauer: 225 An diesem Wochenende stand das Gailtalderby der 1. Klasse A am Programm. Unsere Mannschaft war beim SK Kirchbach zu Gast. Das Hinspiel endete mit einem 2:2 Unentschieden.<\/p>\n","protected":false},"author":3,"featured_media":5861,"comment_status":"closed","ping_status":"open","sticky":false,"template":"","format":"standard","meta":{"footnotes":""},"categories":[1],"tags":[],"_links":{"self":[{"href":"https:\/\/osk.koemau.at\/fussball\/wp-json\/wp\/v2\/posts\/10130"}],"collection":[{"href":"https:\/\/osk.koemau.at\/fussball\/wp-json\/wp\/v2\/posts"}],"about":[{"href":"https:\/\/osk.koemau.at\/fussball\/wp-json\/wp\/v2\/types\/post"}],"author":[{"embeddable":true,"href":"https:\/\/osk.koemau.at\/fussball\/wp-json\/wp\/v2\/users\/3"}],"replies":[{"embeddable":true,"href":"https:\/\/osk.koemau.at\/fussball\/wp-json\/wp\/v2\/comments?post=10130"}],"version-history":[{"count":5,"href":"https:\/\/osk.koemau.at\/fussball\/wp-json\/wp\/v2\/posts\/10130\/revisions"}],"predecessor-version":[{"id":10148,"href":"https:\/\/osk.koemau.at\/fussball\/wp-json\/wp\/v2\/posts\/10130\/revisions\/10148"}],"wp:featuredmedia":[{"embeddable":true,"href":"https:\/\/osk.koemau.at\/fussball\/wp-json\/wp\/v2\/media\/5861"}],"wp:attachment":[{"href":"https:\/\/osk.koemau.at\/fussball\/wp-json\/wp\/v2\/media?parent=10130"}],"wp:term":[{"taxonomy":"category","embeddable":true,"href":"https:\/\/osk.koemau.at\/fussball\/wp-json\/wp\/v2\/categories?post=10130"},{"taxonomy":"post_tag","embeddable":true,"href":"https:\/\/osk.koemau.at\/fussball\/wp-json\/wp\/v2\/tags?post=10130"}],"curies":[{"name":"wp","href":"https:\/\/api.w.org\/{rel}","templated":true}]}}