{"id":10790,"date":"2026-04-28T07:00:00","date_gmt":"2026-04-28T05:00:00","guid":{"rendered":"https:\/\/osk.koemau.at\/fussball\/?p=10790"},"modified":"2026-04-28T07:45:46","modified_gmt":"2026-04-28T05:45:46","slug":"20-runde-2025-2026-sonntag-26-april-2026","status":"publish","type":"post","link":"https:\/\/osk.koemau.at\/fussball\/2026\/04\/28\/20-runde-2025-2026-sonntag-26-april-2026\/","title":{"rendered":"20. Runde 2025\/2026 &#8211; Sonntag, 26. April 2026"},"content":{"rendered":"<p><strong>OSK K\u00f6tschach-Mauthen<\/strong> &#8211; SV Baldramsdorf 4:3 (1:1)<\/p>\n<p>Torsch\u00fctzen: Kristjan Kovacevic, Fabien Unterasinger (Elfmeter), Samuel Karl und Andreas Ertl bzw. Dejan Marijanovic (2) und Dominik Altersberger<\/p>\n<p>rote Karte: Nebojsa Markovic<\/p>\n<p>Schiedsrichter: Eric Erlbeck (Manuel Luca Pirker)<\/p>\n<p>Zuschauer: 220<\/p>\n<p>Matchballsponsor:<strong> Stefan Seiwald<\/strong><\/p>\n<p>Der OSK K\u00f6tschach-Mauthen m\u00f6chte sich auf diesem Weg noch einmal bei <strong>Stefan Seiwald<\/strong>\u00a0f\u00fcr den gesponserten Matchball bedanken.<\/p>\n<p data-start=\"0\" data-end=\"259\">Nachdem unsere Mannschaft am vergangenen Wochenende spielfrei war, da sich der SK Kirchbach durch eine Mannschaftsaufl\u00f6sung aus der laufenden Meisterschaft zur\u00fcckgezogen hat, stand an diesem Wochenende das Heimspiel gegen den SV Baldramsdorf auf dem Programm. Im Hinspiel trennten sich beide Teams mit einem 1:1-Unentschieden. Besonders bitter war damals der sp\u00e4te Ausgleichstreffer in der Nachspielzeit.<\/p>\n<p><!--more--><\/p>\n<div class=\"flex max-w-full flex-col flex-grow\">\n<div class=\"min-h-[20px] text-message flex w-full flex-col items-end gap-2 whitespace-pre-wrap break-words [.text-message+&amp;]:mt-5 overflow-x-auto\" dir=\"auto\" data-message-author-role=\"assistant\" data-message-id=\"5c445438-8449-43b1-838c-9f3321b30424\">\n<div class=\"flex w-full flex-col gap-1 empty:hidden first:pt-[3px]\">\n<div class=\"markdown prose w-full break-words dark:prose-invert dark\">\n<div class=\"flex max-w-full flex-col flex-grow\">\n<div class=\"min-h-[20px] text-message flex w-full flex-col items-end gap-2 whitespace-normal break-words [.text-message+&amp;]:mt-5\" dir=\"auto\" data-message-author-role=\"assistant\" data-message-id=\"5e838090-d1db-4978-976f-a9fdcf549861\">\n<div class=\"flex w-full flex-col gap-1 empty:hidden first:pt-[3px]\">\n<div class=\"markdown prose w-full break-words dark:prose-invert dark\">\n<div class=\"flex max-w-full flex-col flex-grow\">\n<div class=\"min-h-8 text-message flex w-full flex-col items-end gap-2 whitespace-normal break-words [.text-message+&amp;]:mt-5\" dir=\"auto\" data-message-author-role=\"assistant\" data-message-id=\"e7a26007-fc58-48a1-b473-85b9e097c2dc\" data-message-model-slug=\"gpt-4o\">\n<div class=\"flex w-full flex-col gap-1 empty:hidden first:pt-[3px]\">\n<div class=\"markdown prose w-full break-words dark:prose-invert dark\">\n<div class=\"min-h-8 text-message flex w-full flex-col items-end gap-2 whitespace-normal break-words [.text-message+&amp;]:mt-5\" dir=\"auto\" data-message-author-role=\"assistant\" data-message-id=\"0232ae5b-d359-4d2b-aa18-c6b5869739c1\" data-message-model-slug=\"gpt-4o\">\n<div class=\"flex w-full flex-col gap-1 empty:hidden first:pt-[3px]\">\n<p>Infoblatt vom Heimspiel gegen den SV Baldramsdorf:<\/p>\n<p><a href=\"http:\/\/osk.koemau.at\/fussball\/wp-content\/uploads\/sites\/2\/2026\/04\/2026-Infoblatt-F01-Heimspiel-Baldramsdorf.pdf\">2026 Infoblatt F01 &#8211; Heimspiel Baldramsdorf<\/a><\/p>\n<\/div>\n<h1 data-section-id=\"16jafhk\" data-start=\"196\" data-end=\"276\">\u201eGro\u00dfer Kampf und sp\u00e4te Entscheidung \u2013 OSK gewinnt zuhause mit 4:3\u201c<\/h1>\n<section class=\"text-token-text-primary w-full focus:outline-none [--shadow-height:45px] has-data-writing-block:pointer-events-none has-data-writing-block:-mt-(--shadow-height) has-data-writing-block:pt-(--shadow-height) [&amp;:has([data-writing-block])&gt;*]:pointer-events-auto [content-visibility:auto] supports-[content-visibility:auto]:[contain-intrinsic-size:auto_100lvh] R6Vx5W_threadScrollVars scroll-mb-[calc(var(--scroll-root-safe-area-inset-bottom,0px)+var(--thread-response-height))] scroll-mt-[calc(var(--header-height)+min(200px,max(70px,20svh)))]\" dir=\"auto\" data-turn-id=\"request-WEB:baae46b4-4898-4bb9-aea0-b0ded6ebead1-11\" data-testid=\"conversation-turn-14\" data-scroll-anchor=\"false\" data-turn=\"assistant\">\n<div class=\"text-base my-auto mx-auto pb-10 [--thread-content-margin:var(--thread-content-margin-xs,calc(var(--spacing)*4))] @w-sm\/main:[--thread-content-margin:var(--thread-content-margin-sm,calc(var(--spacing)*6))] @w-lg\/main:[--thread-content-margin:var(--thread-content-margin-lg,calc(var(--spacing)*16))] px-(--thread-content-margin)\">\n<div class=\"[--thread-content-max-width:40rem] @w-lg\/main:[--thread-content-max-width:48rem] mx-auto max-w-(--thread-content-max-width) flex-1 group\/turn-messages focus-visible:outline-hidden relative flex w-full min-w-0 flex-col agent-turn\">\n<div class=\"flex max-w-full flex-col gap-4 grow\">\n<div class=\"min-h-8 text-message relative flex w-full flex-col items-end gap-2 text-start break-words whitespace-normal outline-none keyboard-focused:focus-ring [.text-message+&amp;]:mt-1\" dir=\"auto\" data-message-author-role=\"assistant\" data-message-id=\"78e83548-0b67-4245-b464-31d34bbeda15\" data-message-model-slug=\"gpt-5-3-mini\" data-turn-start-message=\"true\">\n<div class=\"flex w-full flex-col gap-1 empty:hidden\">\n<div class=\"markdown prose dark:prose-invert w-full wrap-break-word dark markdown-new-styling\">\n<h3 data-section-id=\"tzygxr\" data-start=\"258\" data-end=\"276\"><span role=\"text\"><strong data-start=\"261\" data-end=\"276\">1. Halbzeit<\/strong><\/span><\/h3>\n<p data-start=\"278\" data-end=\"743\">Der OSK startete gut in die Partie und zeigte von Beginn an eine aktive Spielweise mit ersten Offensivaktionen, ohne jedoch zun\u00e4chst echte Torgefahr auszustrahlen. Dieser engagierte Beginn wurde jedoch in der 13. Minute gebremst: Nach der ersten Offensivaktion der G\u00e4ste aus Baldramsdorf kam es zu einem Stellungsfehler in der Defensive. Der Ball wurde im Zweikampf von einem Baldramsdorfer St\u00fcrmer an Luis Bensch vorbei gespitzelt und zur 0:1-F\u00fchrung eingeschoben.<\/p>\n<p data-start=\"745\" data-end=\"964\">In der Folge tat sich unsere Mannschaft zun\u00e4chst schwer, wieder Kontrolle \u00fcber das Spiel zu gewinnen. Erst nach rund 20 Minuten gelang es, das Spielgeschehen wieder mehr an sich zu rei\u00dfen und zunehmend Druck aufzubauen.<\/p>\n<p data-start=\"966\" data-end=\"1315\">In der 30. Minute landete der Ball zwar im Tor der G\u00e4ste, doch Schiedsrichter Eric Erlbeck entschied aufgrund eines vermeintlichen Handspiels auf Aberkennung des Treffers. Nur drei Minuten sp\u00e4ter wurde der Aufwand aber belohnt: Kristjan Kovacevic stellte mit einem sehenswerten Lupfer \u00fcber den gegnerischen Torh\u00fcter den verdienten 1:1-Ausgleich her.<\/p>\n<h3 data-section-id=\"2b8jek\" data-start=\"1322\" data-end=\"1340\"><span role=\"text\"><strong data-start=\"1325\" data-end=\"1340\">2. Halbzeit<\/strong><\/span><\/h3>\n<p data-start=\"1342\" data-end=\"1626\">Der Start in die zweite H\u00e4lfte verlief f\u00fcr unser Team alles andere als optimal. Bereits in der 50. Minute nutzten die G\u00e4ste ihre zweite gef\u00e4hrliche Aktion eiskalt aus. Nach einem Seitenwechsel war die Defensive kurz ungeordnet, was Baldramsdorf zur erneuten F\u00fchrung zum 1:2 ausnutzte.<\/p>\n<p data-start=\"1628\" data-end=\"1783\">Der OSK zeigte jedoch Moral und kam schnell zur\u00fcck ins Spiel. In der 61. Minute verwandelte Fabien Unterasinger einen Strafsto\u00df souver\u00e4n zum 2:2-Ausgleich.<\/p>\n<p data-start=\"1785\" data-end=\"2067\">Nur f\u00fcnf Minuten sp\u00e4ter gab es erneut eine strittige Szene im Strafraum der G\u00e4ste: Ein m\u00f6gliches Handspiel blieb jedoch ungeahndet \u2013 eine aus OSK-Sicht sehr harte Entscheidung. Auch in der 71. Minute blieb eine weitere diskussionsw\u00fcrdige Situation im Strafraum der G\u00e4ste ohne Pfiff.<\/p>\n<p data-start=\"2069\" data-end=\"2262\">In der 83. Minute nutzte Baldramsdorf dann erneut eine defensive Unordnung konsequent aus und stellte auf 2:3. Alles deutete auf eine Heimniederlage hin, doch der OSK gab sich nicht geschlagen.<\/p>\n<p data-start=\"2264\" data-end=\"2786\">In der Nachspielzeit wurde es nochmals richtig hektisch. Zun\u00e4chst sah ein Baldramsdorfer Spieler nach einem Foulspiel die Gelbe Karte. Kurz vor der Ausf\u00fchrung des f\u00e4lligen Freisto\u00dfes schoss ein weiterer G\u00e4stespieler den Ball mehrfach absichtlich weg, was zun\u00e4chst ohne Konsequenzen blieb. In dieser hitzigen Phase sah Nebojsa Markovic nach heftigen Protesten die Rote Karte. Erst im Anschluss \u2013 nach R\u00fccksprache mit dem Linienrichter \u2013 wurde auch der Spieler, der den Ball wiederholt weggeschossen hatte, mit Gelb verwarnt.<\/p>\n<p data-start=\"2788\" data-end=\"3033\">Der daraus resultierende Freisto\u00df segelte in den Strafraum und rutschte ohne weitere Ber\u00fchrung bzw. Verl\u00e4ngerung bis zum langen Eck durch, wo Samuel Karl goldrichtig stand und den Ball aus kurzer Distanz zum 3:3-Ausgleich \u00fcber die Linie dr\u00fcckte.<\/p>\n<p data-start=\"3035\" data-end=\"3215\">Doch damit nicht genug: Mit der letzten Aktion des Spiels fasste sich Andreas Ertl ein Herz und traf in der 98. Minute ins kurze Eck zum vielumjubelten 4:3-Siegtreffer f\u00fcr den OSK.<\/p>\n<h3 data-section-id=\"vkyps5\" data-start=\"3222\" data-end=\"3234\"><span role=\"text\"><strong data-start=\"3225\" data-end=\"3234\">Fazit<\/strong><\/span><\/h3>\n<p data-start=\"3236\" data-end=\"3552\">Der OSK zeigte eine starke Moral und k\u00e4mpfte sich mehrfach nach R\u00fcckst\u00e4nden zur\u00fcck in die Partie. Trotz einiger defensiver Unordnungen und schwieriger Phasen bewies die Mannschaft gro\u00dfe mentale St\u00e4rke bis zur letzten Sekunde. Besonders die Schlussphase unterstreicht den unbedingten Willen, das Spiel noch zu drehen.<\/p>\n<p data-start=\"3554\" data-end=\"3711\" data-is-last-node=\"\" data-is-only-node=\"\">Ein emotionaler, intensiver und am Ende hochverdienter Heimsieg, der vor allem durch Einsatz, Charakter und eine spektakul\u00e4re Schlussphase entschieden wurde.<\/p>\n<\/div>\n<\/div>\n<\/div>\n<\/div>\n<div class=\"z-0 flex min-h-[46px] justify-start\">\u00a0<\/div>\n<div class=\"mt-3 w-full empty:hidden\">\n<div class=\"text-center\">\n<p data-start=\"0\" data-end=\"170\">Weiter geht es bereits am kommenden Freitag, den 1. Mai, mit dem Ausw\u00e4rtsspiel beim SV Spittal 1b. Anpfiff der Partie ist um 18:30 Uhr in der Goldeck Arena.<\/p>\n<p data-start=\"172\" data-end=\"231\" data-is-last-node=\"\" data-is-only-node=\"\">Die Challengemannschaft ist an diesem Wochenende spielfrei.<\/p>\n<\/div>\n<\/div>\n<\/div>\n<\/div>\n<\/section>\n<div class=\"pointer-events-none -mt-px h-px translate-y-[calc(var(--scroll-root-safe-area-inset-bottom)-14*var(--spacing))]\" aria-hidden=\"true\">\u00a0<\/div>\n<\/div>\n<\/div>\n<div class=\"markdown prose w-full break-words dark:prose-invert dark\">\n<div class=\"min-h-8 text-message flex w-full flex-col items-end gap-2 whitespace-normal break-words [.text-message+&amp;]:mt-5\" dir=\"auto\" data-message-author-role=\"assistant\" data-message-id=\"0232ae5b-d359-4d2b-aa18-c6b5869739c1\" data-message-model-slug=\"gpt-4o\">\n<div class=\"flex w-full flex-col gap-1 empty:hidden first:pt-[3px]\">\n<h3><strong style=\"font-size: revert;color: initial\"><span style=\"color: initial;font-size: revert\">Der OSK spielte mit:<\/span><\/strong><\/h3>\n<\/div>\n<\/div>\n<\/div>\n<\/div>\n<div class=\"flex w-full flex-col gap-1 empty:hidden first:pt-[3px]\">\n<div class=\"markdown prose w-full break-words dark:prose-invert dark\"><div class=\"sportspress\">\t\t<div class=\"sp-event-performance-tables sp-event-performance-teams\">\n\t\t\t<div class=\"sp-ext-formation-item sp-template sp-template-event-performance sp-template-event-performance-icons\t\t\t\t\t\t\t\t\t\t\t\t\t\t\t\t\t\t\t\t\t\t\t   \">\n\t\t\t<h4 class=\"sp-table-caption\">OSK K\u00f6tschach-Mauthen<\/h4>\n\t\t<div class=\"sp-ext-formation-wrapper\">\n\t\t<img decoding=\"async\" class=\"sp-ext-formation-bg\" src=\"https:\/\/osk.koemau.at\/fussball\/wp-content\/plugins\/sportspress-extension\/templates\/..\/assets\/svg\/football-field.svg\" \/>\n\t\t<div class=\"sp-ext-formation\">\n\t\t\t\t\t\t\t<div class=\"sp-ext-formation-line\"><div class=\"sp-ext-formation-player\"><div class=\"sp-ext-formation-shirt-goalkeeper\"><img decoding=\"async\" src=\"https:\/\/osk.koemau.at\/fussball\/wp-content\/plugins\/sportspress-extension\/templates\/..\/assets\/images\/shirt-goalkeeper.png\" \/><span class=\"sp-ext-formation-player-number\">1<\/span><\/div><a class=\"sp-ext-formation-player-name\" href=\"https:\/\/osk.koemau.at\/fussball\/spieler\/luis-bensch\/\">L. Bensch<\/a><div class=\"sp-ext-formation-player-performance-icons\"><\/div><\/div><\/div><div class=\"sp-ext-formation-line\"><div class=\"sp-ext-formation-player\"><div class=\"sp-ext-formation-shirt\"><img decoding=\"async\" src=\"https:\/\/osk.koemau.at\/fussball\/wp-content\/plugins\/sportspress-extension\/templates\/..\/assets\/images\/shirt.png\" \/><span class=\"sp-ext-formation-player-number\">3<\/span><\/div><a class=\"sp-ext-formation-player-name\" href=\"https:\/\/osk.koemau.at\/fussball\/spieler\/andreas-obernosterer\/\">A. Obernosterer<\/a><div class=\"sp-ext-formation-player-performance-icons\"><\/div><\/div><div class=\"sp-ext-formation-player\"><div class=\"sp-ext-formation-shirt\"><img decoding=\"async\" src=\"https:\/\/osk.koemau.at\/fussball\/wp-content\/plugins\/sportspress-extension\/templates\/..\/assets\/images\/shirt.png\" \/><span class=\"sp-ext-formation-player-number\">14<\/span><\/div><a class=\"sp-ext-formation-player-name\" href=\"https:\/\/osk.koemau.at\/fussball\/spieler\/lenart-brolih\/\">L. Brolih<\/a><div class=\"sp-ext-formation-player-performance-icons\"><\/div><\/div><div class=\"sp-ext-formation-player\"><div class=\"sp-ext-formation-shirt\"><img decoding=\"async\" src=\"https:\/\/osk.koemau.at\/fussball\/wp-content\/plugins\/sportspress-extension\/templates\/..\/assets\/images\/shirt.png\" \/><span class=\"sp-ext-formation-player-number\">15<\/span><\/div><a class=\"sp-ext-formation-player-name\" href=\"https:\/\/osk.koemau.at\/fussball\/spieler\/samuel-karl\/\">S. Karl<\/a><div class=\"sp-ext-formation-player-performance-icons\"><i class=\"sp-icon-soccerball\" title=\"Tor - 95'\" style=\"color: !important\"><\/i><\/div><\/div><div class=\"sp-ext-formation-player\"><div class=\"sp-ext-formation-shirt\"><img decoding=\"async\" src=\"https:\/\/osk.koemau.at\/fussball\/wp-content\/plugins\/sportspress-extension\/templates\/..\/assets\/images\/shirt.png\" \/><span class=\"sp-ext-formation-player-number\">6<\/span><\/div><a class=\"sp-ext-formation-player-name\" href=\"https:\/\/osk.koemau.at\/fussball\/spieler\/niklas-hohenwarter\/\">N. Hohenwarter<\/a><div class=\"sp-ext-formation-player-performance-icons\"><i class=\"sp-icon-sub\" title=\"Auswechslung - 64' - Julian Anether\" style=\"color: !important\"><\/i><\/div><\/div><\/div><div class=\"sp-ext-formation-line\"><div class=\"sp-ext-formation-player\"><div class=\"sp-ext-formation-shirt\"><img decoding=\"async\" src=\"https:\/\/osk.koemau.at\/fussball\/wp-content\/plugins\/sportspress-extension\/templates\/..\/assets\/images\/shirt.png\" \/><span class=\"sp-ext-formation-player-number\">9<\/span><\/div><a class=\"sp-ext-formation-player-name\" href=\"https:\/\/osk.koemau.at\/fussball\/spieler\/mario-hartlieb\/\">M. Hartlieb<\/a><div class=\"sp-ext-formation-player-performance-icons\"><\/div><\/div><div class=\"sp-ext-formation-player\"><div class=\"sp-ext-formation-shirt\"><img decoding=\"async\" src=\"https:\/\/osk.koemau.at\/fussball\/wp-content\/plugins\/sportspress-extension\/templates\/..\/assets\/images\/shirt.png\" \/><span class=\"sp-ext-formation-player-number\">7<\/span><\/div><a class=\"sp-ext-formation-player-name\" href=\"https:\/\/osk.koemau.at\/fussball\/spieler\/christopher-trittinger\/\">C. Trittinger<\/a><div class=\"sp-ext-formation-player-performance-icons\"><i class=\"sp-icon-sub\" title=\"Auswechslung - 64' - Lukas Ainetter\" style=\"color: !important\"><\/i><\/div><\/div><\/div><div class=\"sp-ext-formation-line\"><div class=\"sp-ext-formation-player\"><div class=\"sp-ext-formation-shirt\"><img decoding=\"async\" src=\"https:\/\/osk.koemau.at\/fussball\/wp-content\/plugins\/sportspress-extension\/templates\/..\/assets\/images\/shirt.png\" \/><span class=\"sp-ext-formation-player-number\">11<\/span><\/div><a class=\"sp-ext-formation-player-name\" href=\"https:\/\/osk.koemau.at\/fussball\/spieler\/christoph-schellander\/\">C. Schellander<\/a><div class=\"sp-ext-formation-player-performance-icons\"><i class=\"sp-icon-sub\" title=\"Auswechslung - 77' - Andreas Ertl\" style=\"color: !important\"><\/i><\/div><\/div><div class=\"sp-ext-formation-player\"><div class=\"sp-ext-formation-shirt\"><img decoding=\"async\" src=\"https:\/\/osk.koemau.at\/fussball\/wp-content\/plugins\/sportspress-extension\/templates\/..\/assets\/images\/shirt.png\" \/><span class=\"sp-ext-formation-player-number\">10<\/span><\/div><a class=\"sp-ext-formation-player-name\" href=\"https:\/\/osk.koemau.at\/fussball\/spieler\/fabien-unterassinger\/\">F. Unterassinger<\/a><div class=\"sp-ext-formation-player-performance-icons\"><i class=\"sp-icon-soccerball\" title=\"Tor - 61'\" style=\"color: !important\"><\/i><i class=\"sp-icon-sub\" title=\"Auswechslung - 88' - Clemens Kurzweil\" style=\"color: !important\"><\/i><\/div><\/div><div class=\"sp-ext-formation-player\"><div class=\"sp-ext-formation-shirt\"><img decoding=\"async\" src=\"https:\/\/osk.koemau.at\/fussball\/wp-content\/plugins\/sportspress-extension\/templates\/..\/assets\/images\/shirt.png\" \/><span class=\"sp-ext-formation-player-number\">12<\/span><\/div><a class=\"sp-ext-formation-player-name\" href=\"https:\/\/osk.koemau.at\/fussball\/spieler\/nebojsa-markovic-2\/\">N. Markovic<\/a><div class=\"sp-ext-formation-player-performance-icons\"><i class=\"sp-icon-card\" title=\"Gelbe Karte - 64'\" style=\"color:#f4d014 !important\"><\/i><i class=\"sp-icon-card\" title=\"Rote Karte - 93'\" style=\"color:#d4000f !important\"><\/i><\/div><\/div><\/div><div class=\"sp-ext-formation-line\"><div class=\"sp-ext-formation-player\"><div class=\"sp-ext-formation-shirt\"><img decoding=\"async\" src=\"https:\/\/osk.koemau.at\/fussball\/wp-content\/plugins\/sportspress-extension\/templates\/..\/assets\/images\/shirt.png\" \/><span class=\"sp-ext-formation-player-number\"><\/span><\/div><a class=\"sp-ext-formation-player-name\" href=\"https:\/\/osk.koemau.at\/fussball\/spieler\/kristjan-kovacevic\/\">K. Kovacevic<\/a><div class=\"sp-ext-formation-player-performance-icons\"><i class=\"sp-icon-soccerball\" title=\"Tor - 33'\" style=\"color: !important\"><\/i><\/div><\/div><\/div><div class=\"sp-ext-formation-subs\"><div class=\"sp-ext-formation-player\"><div class=\"sp-ext-formation-shirt\"><img decoding=\"async\" src=\"https:\/\/osk.koemau.at\/fussball\/wp-content\/plugins\/sportspress-extension\/templates\/..\/assets\/images\/shirt.png\" \/><span class=\"sp-ext-formation-player-number\">19<\/span><\/div><a class=\"sp-ext-formation-player-name\" href=\"https:\/\/osk.koemau.at\/fussball\/spieler\/andreas-ertl\/\">A. Ertl<\/a><div class=\"sp-ext-formation-player-performance-icons\"><i class=\"sp-icon-sub\" title=\"Auswechslung - 77' - Christoph Schellander\" style=\"color: !important\"><\/i><i class=\"sp-icon-soccerball\" title=\"Tor - 98'\" style=\"color: !important\"><\/i><\/div><\/div><div class=\"sp-ext-formation-player\"><div class=\"sp-ext-formation-shirt\"><img decoding=\"async\" src=\"https:\/\/osk.koemau.at\/fussball\/wp-content\/plugins\/sportspress-extension\/templates\/..\/assets\/images\/shirt.png\" \/><span class=\"sp-ext-formation-player-number\"><\/span><\/div><a class=\"sp-ext-formation-player-name\" href=\"https:\/\/osk.koemau.at\/fussball\/spieler\/clemens-kurzweil\/\">C. Kurzweil<\/a><div class=\"sp-ext-formation-player-performance-icons\"><i class=\"sp-icon-sub\" title=\"Auswechslung - 88' - Fabien Unterassinger\" style=\"color: !important\"><\/i><\/div><\/div><div class=\"sp-ext-formation-player\"><div class=\"sp-ext-formation-shirt-goalkeeper\"><img decoding=\"async\" src=\"https:\/\/osk.koemau.at\/fussball\/wp-content\/plugins\/sportspress-extension\/templates\/..\/assets\/images\/shirt-goalkeeper.png\" \/><span class=\"sp-ext-formation-player-number\">ET<\/span><\/div><a class=\"sp-ext-formation-player-name\" href=\"https:\/\/osk.koemau.at\/fussball\/spieler\/elias-anether\/\">E. Anether<\/a><div class=\"sp-ext-formation-player-performance-icons\"><\/div><\/div><div class=\"sp-ext-formation-player\"><div class=\"sp-ext-formation-shirt\"><img decoding=\"async\" src=\"https:\/\/osk.koemau.at\/fussball\/wp-content\/plugins\/sportspress-extension\/templates\/..\/assets\/images\/shirt.png\" \/><span class=\"sp-ext-formation-player-number\"><\/span><\/div><a class=\"sp-ext-formation-player-name\" href=\"https:\/\/osk.koemau.at\/fussball\/spieler\/jakob-fichtl\/\">J. Fichtl<\/a><div class=\"sp-ext-formation-player-performance-icons\"><\/div><\/div><div class=\"sp-ext-formation-player\"><div class=\"sp-ext-formation-shirt\"><img decoding=\"async\" src=\"https:\/\/osk.koemau.at\/fussball\/wp-content\/plugins\/sportspress-extension\/templates\/..\/assets\/images\/shirt.png\" \/><span class=\"sp-ext-formation-player-number\">8<\/span><\/div><a class=\"sp-ext-formation-player-name\" href=\"https:\/\/osk.koemau.at\/fussball\/spieler\/julian-anether\/\">J. Anether<\/a><div class=\"sp-ext-formation-player-performance-icons\"><i class=\"sp-icon-sub\" title=\"Auswechslung - 64' - Niklas Hohenwarter\" style=\"color: !important\"><\/i><\/div><\/div><div class=\"sp-ext-formation-player\"><div class=\"sp-ext-formation-shirt\"><img decoding=\"async\" src=\"https:\/\/osk.koemau.at\/fussball\/wp-content\/plugins\/sportspress-extension\/templates\/..\/assets\/images\/shirt.png\" \/><span class=\"sp-ext-formation-player-number\"><\/span><\/div><a class=\"sp-ext-formation-player-name\" href=\"https:\/\/osk.koemau.at\/fussball\/spieler\/lukas-ainetter\/\">L. Ainetter<\/a><div class=\"sp-ext-formation-player-performance-icons\"><i class=\"sp-icon-sub\" title=\"Auswechslung - 64' - Christopher Trittinger\" style=\"color: !important\"><\/i><\/div><\/div><\/div>\t\t\t\t\t<\/div>\n\t<\/div>\n\t<\/div>\t\t<\/div><!-- .sp-event-performance-tables -->\n\t\t<\/div><\/div>\n<\/div>\n<\/div>\n<\/div>\n<\/div>\n<\/div>\n<\/div>\n<\/div>\n<\/div>\n<\/div>\n<\/div>\n<\/div>\n<p><strong>Hier geht\u00b4s zum Spielbericht :<\/strong><\/p>\n<p><a href=\"https:\/\/www.oefb.at\/bewerbe\/Spiel\/Spielbericht\/3869853\/?Koetschach-vs-Baldramsdorf\">https:\/\/www.oefb.at\/bewerbe\/Spiel\/Spielbericht\/3869853\/?Koetschach-vs-Baldramsdorf<\/a><\/p>\n<p data-start=\"223\" data-end=\"575\">Auch die Challengemannschaft konnte an diesem Wochenende einen Erfolg verbuchen. Im Vorspiel gegen die SG SV Berg\/SV Greifenburg\/SV Dellach\/Drau feierte man einen 4:2-Heimsieg, der bei besserer Chancenauswertung deutlich h\u00f6her h\u00e4tte ausfallen k\u00f6nnen. Nichtsdestotrotz zeigte die junge Truppe eine gute Leistung und durfte damit den ersten Sieg im Fr\u00fchjahr bejubeln.<\/p>\n<p data-start=\"223\" data-end=\"575\">Torsch\u00fctzen f\u00fcr das OSK Challengeteam: Jakob Fichtl, David Pieler, Gabriel Webhofer und Johannes Kollmitzer<\/p>\n<p data-start=\"223\" data-end=\"575\"><strong>Das OSK Challengeteam spielte mit:<\/strong><\/p>\n<p data-start=\"223\" data-end=\"575\">Anether E. &#8211; Ainetter M. (Vidali F.), Leiler S., Ertl M. &#8211; Webhofer G., Fichtl J., Kollmitzer J. (M\u00f6lcnik T.), Kurzweil C. (Hafner D.), Wurzer M., Ertl A. (Warmuth T.) &#8211; Pieler D. (Huber J.)<\/p>\n<p data-start=\"223\" data-end=\"575\"><strong>Hier geht\u00b4s zum Spielbericht:<\/strong><\/p>\n<p data-start=\"223\" data-end=\"575\"><a href=\"https:\/\/www.oefb.at\/bewerbe\/Spiel\/Spielbericht\/3869811\/?SG-OSK-Koetschach-SK-Grafendorf-vs-SG-SV-Berg-SV-Greifenburg-SV-Dellach-Drau\">https:\/\/www.oefb.at\/bewerbe\/Spiel\/Spielbericht\/3869811\/?SG-OSK-Koetschach-SK-Grafendorf-vs-SG-SV-Berg-SV-Greifenburg-SV-Dellach-Drau<\/a><\/p>\n\n\n<p><\/p>\n","protected":false},"excerpt":{"rendered":"<p>OSK K\u00f6tschach-Mauthen &#8211; SV Baldramsdorf 4:3 (1:1) Torsch\u00fctzen: Kristjan Kovacevic, Fabien Unterasinger (Elfmeter), Samuel Karl und Andreas Ertl bzw. Dejan Marijanovic (2) und Dominik Altersberger rote Karte: Nebojsa Markovic Schiedsrichter: Eric Erlbeck (Manuel Luca Pirker) Zuschauer: 220 Matchballsponsor: Stefan Seiwald Der OSK K\u00f6tschach-Mauthen m\u00f6chte sich auf diesem Weg noch einmal bei Stefan Seiwald\u00a0f\u00fcr den gesponserten [&hellip;]<\/p>\n","protected":false},"author":3,"featured_media":10317,"comment_status":"closed","ping_status":"open","sticky":false,"template":"","format":"standard","meta":{"footnotes":""},"categories":[1],"tags":[],"_links":{"self":[{"href":"https:\/\/osk.koemau.at\/fussball\/wp-json\/wp\/v2\/posts\/10790"}],"collection":[{"href":"https:\/\/osk.koemau.at\/fussball\/wp-json\/wp\/v2\/posts"}],"about":[{"href":"https:\/\/osk.koemau.at\/fussball\/wp-json\/wp\/v2\/types\/post"}],"author":[{"embeddable":true,"href":"https:\/\/osk.koemau.at\/fussball\/wp-json\/wp\/v2\/users\/3"}],"replies":[{"embeddable":true,"href":"https:\/\/osk.koemau.at\/fussball\/wp-json\/wp\/v2\/comments?post=10790"}],"version-history":[{"count":5,"href":"https:\/\/osk.koemau.at\/fussball\/wp-json\/wp\/v2\/posts\/10790\/revisions"}],"predecessor-version":[{"id":10803,"href":"https:\/\/osk.koemau.at\/fussball\/wp-json\/wp\/v2\/posts\/10790\/revisions\/10803"}],"wp:featuredmedia":[{"embeddable":true,"href":"https:\/\/osk.koemau.at\/fussball\/wp-json\/wp\/v2\/media\/10317"}],"wp:attachment":[{"href":"https:\/\/osk.koemau.at\/fussball\/wp-json\/wp\/v2\/media?parent=10790"}],"wp:term":[{"taxonomy":"category","embeddable":true,"href":"https:\/\/osk.koemau.at\/fussball\/wp-json\/wp\/v2\/categories?post=10790"},{"taxonomy":"post_tag","embeddable":true,"href":"https:\/\/osk.koemau.at\/fussball\/wp-json\/wp\/v2\/tags?post=10790"}],"curies":[{"name":"wp","href":"https:\/\/api.w.org\/{rel}","templated":true}]}}