{"id":8024,"date":"2022-10-10T08:00:00","date_gmt":"2022-10-10T06:00:00","guid":{"rendered":"https:\/\/osk.koemau.at\/fussball\/?p=8024"},"modified":"2022-10-10T08:04:33","modified_gmt":"2022-10-10T06:04:33","slug":"12-runde-2022-23-sonntag-09-oktober-2022","status":"publish","type":"post","link":"https:\/\/osk.koemau.at\/fussball\/2022\/10\/10\/12-runde-2022-23-sonntag-09-oktober-2022\/","title":{"rendered":"12. Runde 2022\/23 &#8211; Sonntag, 09. Oktober 2022"},"content":{"rendered":"<p>SG Virgental\/TSU Virgen &#8211; <strong>OSK K\u00f6tschach-Mauthen<\/strong> 0:4 (0:2)<\/p>\n<p>Torsch\u00fctzen: Manuel Schellander, Christian Niescher (2) und Marco Lesiak (Elfmeter)<\/p>\n<p>Schiedsrichter: Stefan Grau<\/p>\n<p>Zuschauer: 124<\/p>\n<p>Nachdem knappen Heimsieg gegen den SV Tristach am vergangenen Wochenende stand an diesem Sonntag das Ausw\u00e4rtsspiel gegen die SG Virgental\/Virgen an.<\/p>\n<p><!--more--><\/p>\n<p>Kaderm\u00e4\u00dfig musste Trainer Bernd Feil dieses Wochenende auf Joshua Karl, Ivan Timeus, Bojan Marinkovic (alle verletzt), Mario Hartlieb, Paul Stampfer und Florian Lederer (alle beruflich) verzichten, hatte aber trotzdem einen starken 16 Mann Kader zur Verf\u00fcgung.<\/p>\n<p><img loading=\"lazy\" decoding=\"async\" class=\"aligncenter size-full wp-image-8025\" src=\"http:\/\/osk.koemau.at\/fussball\/wp-content\/uploads\/sites\/2\/2022\/10\/PHOTO-2022-10-09-20-08-02-Mittel.jpg\" alt=\"\" width=\"768\" height=\"1024\" srcset=\"https:\/\/osk.koemau.at\/fussball\/wp-content\/uploads\/sites\/2\/2022\/10\/PHOTO-2022-10-09-20-08-02-Mittel.jpg 768w, https:\/\/osk.koemau.at\/fussball\/wp-content\/uploads\/sites\/2\/2022\/10\/PHOTO-2022-10-09-20-08-02-Mittel-225x300.jpg 225w, https:\/\/osk.koemau.at\/fussball\/wp-content\/uploads\/sites\/2\/2022\/10\/PHOTO-2022-10-09-20-08-02-Mittel-96x128.jpg 96w\" sizes=\"(max-width: 768px) 100vw, 768px\" \/><\/p>\n<p>Durch die Verletzung von Tormann Joshua Karl feierte unser Kooperationsspieler (Grafendorf) <strong>Jonas Steiner<\/strong> an diesem Wochenende sein Startelfdeb\u00fct f\u00fcr unsere Kampfmannschaft und konnte in seinem ersten Spiel auch zu Null spielen.<\/p>\n<p><img loading=\"lazy\" decoding=\"async\" class=\"aligncenter size-full wp-image-8033\" src=\"http:\/\/osk.koemau.at\/fussball\/wp-content\/uploads\/sites\/2\/2022\/10\/1278650591628556536_84e57667e73a8051c03f-10-320x320-1.png\" alt=\"\" width=\"240\" height=\"319\" srcset=\"https:\/\/osk.koemau.at\/fussball\/wp-content\/uploads\/sites\/2\/2022\/10\/1278650591628556536_84e57667e73a8051c03f-10-320x320-1.png 240w, https:\/\/osk.koemau.at\/fussball\/wp-content\/uploads\/sites\/2\/2022\/10\/1278650591628556536_84e57667e73a8051c03f-10-320x320-1-226x300.png 226w, https:\/\/osk.koemau.at\/fussball\/wp-content\/uploads\/sites\/2\/2022\/10\/1278650591628556536_84e57667e73a8051c03f-10-320x320-1-96x128.png 96w\" sizes=\"(max-width: 240px) 100vw, 240px\" \/><\/p>\n<p>Unsere Mannschaft erwischte den perfekten Start in dieses Spiel und konnte bereits die erste Chance nach wenigen Sekunden zur fr\u00fchen F\u00fchrung nutzen. Nach einem langen Ball auf Mario Niescher brachte dieser den Ball flach in die Mitte und der v\u00f6llig freistehende Manuel Schellander erzielte aus kurzer Distanz das fr\u00fche 0:1 f\u00fcr den OSK. In den folgenden Minuten trat der OSK dominat auf und die Heimischen aus Virgen konnten sich keine wirklich gef\u00e4hrlichen Torchancen erspielen. Vereinzelte Versuche aus der Distanz gingen entweder neben das Tor oder wurden von Tormann Jonas Steiner entsch\u00e4rft. Auch die n\u00e4chste gef\u00e4hrliche Torchance geh\u00f6rte dem OSK und wieder war Mario Niescher der Vorbereiter. Nach einer Flanke von Mario Niescher in den Strafraum ging der Kopfball von Christoph Schellander zu zentral aufs Tor und war so kein gro\u00dfes Problem f\u00fcr den gegnerischen Schlussmann. In der 25. Spielminute konnte sich der Deb\u00fctant Jonas Steiner mit einer ersten tollen Parade das auszeichnen. Auf dem kleinen Platz in Virgen k\u00f6nnen auch Einw\u00fcrfe sehr gef\u00e4hrlich werden und durch genau solch einen erh\u00f6hte der OSK auf 0:2. Mario Niescher brachte den Ball per Einwurf in den Strafraum und Christian Niescher verwertete den Abpraller, der vom Tormann kam aus kurzer Distanz zum 0:2. Nach einer guten halben Stunde gab es die n\u00e4chste Torm\u00f6glichkeit f\u00fcr den OSK &#8211; Christoph Schellander war auf den gegnerischen Tormann unterwegs, der Abschluss fiel aber zu zentral aus und war so kein Problem f\u00fcr den gegnerischen Tormann. In der folgenden Phase konnte der gegnerische Tormann die Heimischen vor weiteren Gegentoren bewahren als er eine direkte Ecke und einen Freisto\u00df aus rund 20 Metern, beide getreten von Mario Niescher, noch auf der Linie kl\u00e4ren konnte. Kurz vor der Halbzeitpause gab es f\u00fcr die Heimischen noch eine guten Chance bei einem Freisto\u00df, der Ball ging aber knapp neben das Tor und Tormann Jonas Steiner musste nicht in die Situation eingreifen.<\/p>\n<p><img loading=\"lazy\" decoding=\"async\" class=\"aligncenter size-full wp-image-8028\" src=\"http:\/\/osk.koemau.at\/fussball\/wp-content\/uploads\/sites\/2\/2022\/10\/PHOTO-2022-10-09-20-08-00-1-Mittel.jpg\" alt=\"\" width=\"768\" height=\"1024\" srcset=\"https:\/\/osk.koemau.at\/fussball\/wp-content\/uploads\/sites\/2\/2022\/10\/PHOTO-2022-10-09-20-08-00-1-Mittel.jpg 768w, https:\/\/osk.koemau.at\/fussball\/wp-content\/uploads\/sites\/2\/2022\/10\/PHOTO-2022-10-09-20-08-00-1-Mittel-225x300.jpg 225w, https:\/\/osk.koemau.at\/fussball\/wp-content\/uploads\/sites\/2\/2022\/10\/PHOTO-2022-10-09-20-08-00-1-Mittel-96x128.jpg 96w\" sizes=\"(max-width: 768px) 100vw, 768px\" \/> <img loading=\"lazy\" decoding=\"async\" class=\"aligncenter size-full wp-image-8029\" src=\"http:\/\/osk.koemau.at\/fussball\/wp-content\/uploads\/sites\/2\/2022\/10\/PHOTO-2022-10-09-20-08-00-Mittel.jpg\" alt=\"\" width=\"768\" height=\"1024\" srcset=\"https:\/\/osk.koemau.at\/fussball\/wp-content\/uploads\/sites\/2\/2022\/10\/PHOTO-2022-10-09-20-08-00-Mittel.jpg 768w, https:\/\/osk.koemau.at\/fussball\/wp-content\/uploads\/sites\/2\/2022\/10\/PHOTO-2022-10-09-20-08-00-Mittel-225x300.jpg 225w, https:\/\/osk.koemau.at\/fussball\/wp-content\/uploads\/sites\/2\/2022\/10\/PHOTO-2022-10-09-20-08-00-Mittel-96x128.jpg 96w\" sizes=\"(max-width: 768px) 100vw, 768px\" \/> <img loading=\"lazy\" decoding=\"async\" class=\"aligncenter size-full wp-image-8030\" src=\"http:\/\/osk.koemau.at\/fussball\/wp-content\/uploads\/sites\/2\/2022\/10\/PHOTO-2022-10-09-20-07-59-Mittel.jpg\" alt=\"\" width=\"768\" height=\"1024\" srcset=\"https:\/\/osk.koemau.at\/fussball\/wp-content\/uploads\/sites\/2\/2022\/10\/PHOTO-2022-10-09-20-07-59-Mittel.jpg 768w, https:\/\/osk.koemau.at\/fussball\/wp-content\/uploads\/sites\/2\/2022\/10\/PHOTO-2022-10-09-20-07-59-Mittel-225x300.jpg 225w, https:\/\/osk.koemau.at\/fussball\/wp-content\/uploads\/sites\/2\/2022\/10\/PHOTO-2022-10-09-20-07-59-Mittel-96x128.jpg 96w\" sizes=\"(max-width: 768px) 100vw, 768px\" \/><\/p>\n<p>In der zweiten Halbzeit bestimmte unsere Mannschaft weiterhin das Spielgeschehen, Chancen konnte man sich aber nicht mehr so viele wie in der ersten Halbzeit erspielen. Aber auch der Gegner hatte gro\u00dfe Probleme sich wirklich gef\u00e4hrliche Torchance zu erspielen und so spielte sich ein Gro\u00dfteil des Spielgeschehens im zweiten Abschnitt im Mittelfeld ab. In der 71. Spielminute ging ein Schuss von Virgen knapp neben das Tor und wirklich gef\u00e4hrlicher wurde es auf Seiten der Heimischen das ganze Spiel nicht mehr. Nach einem Foulspiel an Mario Niescher entschied Schiedsrichter Stefan Grau in der 81. Spielminute auf Strafsto\u00df f\u00fcr den OSK. Diesen verwandelte Marco Lesiak nachdem er den Tormann ins falsche Eck schickte und den Ball im linken Eck unterbrachte. Kurz vor Schluss verhinderte Tormann Jonas Steiner nach einer Ecke mit einem erneut guten Save den Gegentreffer und lie\u00df die Virgener Offensivkr\u00e4fte verzweifeln. Den Schlusspunkt dieser Partie setzte Christian Niescher, der den Ball nach einem Eckball per Abstauber erneut im Tor unterbrachte und auf 0:4 erh\u00f6hte. Danach passierte nichts mehr und Schiedsrichter Stefan Grau beendete das Spiel beim Stand von 0:4.<\/p>\n<p>Damit holt sich unsere Mannschaft trotz zahlreicher Ausf\u00e4lle den n\u00e4chsten wichtigen Ausw\u00e4rtsdreier und bleibt auch weiterhin dabei im Kampf um die vorderen Tabellenpl\u00e4tze. Weiter geht es am kommenden Samstag, 15.10.2022 mit dem Heimspiel gegen den FC Sillian. Anpfiff in der OSK Arena ist um 15:00 Uhr. Das Vorspiel bestreiten die beiden Challengeteams. Anpfiff bei dieser Partie ist 13:00 Uhr.<\/p>\n<p>\u00a0<\/p>\n<p><strong>Der OSK spielte mit:<\/strong><\/p>\n<div class=\"sportspress\">\t\t<div class=\"sp-event-performance-tables sp-event-performance-teams\">\n\t\t\t<div class=\"sp-ext-formation-item sp-template sp-template-event-performance sp-template-event-performance-icons\t\t\t\t\t\t\t\t\t\t\t\t\t\t\t\t\t\t\t\t\t\t\t   \">\n\t\t\t<h4 class=\"sp-table-caption\">OSK K\u00f6tschach-Mauthen<\/h4>\n\t\t<div class=\"sp-ext-formation-wrapper\">\n\t\t<img decoding=\"async\" class=\"sp-ext-formation-bg\" src=\"https:\/\/osk.koemau.at\/fussball\/wp-content\/plugins\/sportspress-extension\/templates\/..\/assets\/svg\/football-field.svg\" \/>\n\t\t<div class=\"sp-ext-formation\">\n\t\t\t\t\t\t\t<div class=\"sp-ext-formation-line\"><div class=\"sp-ext-formation-player\"><div class=\"sp-ext-formation-shirt-goalkeeper\"><img decoding=\"async\" src=\"https:\/\/osk.koemau.at\/fussball\/wp-content\/plugins\/sportspress-extension\/templates\/..\/assets\/images\/shirt-goalkeeper.png\" \/><span class=\"sp-ext-formation-player-number\">ET<\/span><\/div><a class=\"sp-ext-formation-player-name\" href=\"https:\/\/osk.koemau.at\/fussball\/spieler\/jonas-steiner\/\">J. Steiner<\/a><div class=\"sp-ext-formation-player-performance-icons\"><\/div><\/div><\/div><div class=\"sp-ext-formation-line\"><div class=\"sp-ext-formation-player\"><div class=\"sp-ext-formation-shirt\"><img decoding=\"async\" src=\"https:\/\/osk.koemau.at\/fussball\/wp-content\/plugins\/sportspress-extension\/templates\/..\/assets\/images\/shirt.png\" \/><span class=\"sp-ext-formation-player-number\">3<\/span><\/div><a class=\"sp-ext-formation-player-name\" href=\"https:\/\/osk.koemau.at\/fussball\/spieler\/andreas-obernosterer\/\">A. Obernosterer<\/a><div class=\"sp-ext-formation-player-performance-icons\"><\/div><\/div><div class=\"sp-ext-formation-player\"><div class=\"sp-ext-formation-shirt\"><img decoding=\"async\" src=\"https:\/\/osk.koemau.at\/fussball\/wp-content\/plugins\/sportspress-extension\/templates\/..\/assets\/images\/shirt.png\" \/><span class=\"sp-ext-formation-player-number\">9<\/span><\/div><a class=\"sp-ext-formation-player-name\" href=\"https:\/\/osk.koemau.at\/fussball\/spieler\/nikola-vidovic\/\">N. Vidovic<\/a><div class=\"sp-ext-formation-player-performance-icons\"><\/div><\/div><div class=\"sp-ext-formation-player\"><div class=\"sp-ext-formation-shirt\"><img decoding=\"async\" src=\"https:\/\/osk.koemau.at\/fussball\/wp-content\/plugins\/sportspress-extension\/templates\/..\/assets\/images\/shirt.png\" \/><span class=\"sp-ext-formation-player-number\">13<\/span><\/div><a class=\"sp-ext-formation-player-name\" href=\"https:\/\/osk.koemau.at\/fussball\/spieler\/michael-schneider\/\">M. Schneider<\/a><div class=\"sp-ext-formation-player-performance-icons\"><\/div><\/div><\/div><div class=\"sp-ext-formation-line\"><div class=\"sp-ext-formation-player\"><div class=\"sp-ext-formation-shirt\"><img decoding=\"async\" src=\"https:\/\/osk.koemau.at\/fussball\/wp-content\/plugins\/sportspress-extension\/templates\/..\/assets\/images\/shirt.png\" \/><span class=\"sp-ext-formation-player-number\">21<\/span><\/div><a class=\"sp-ext-formation-player-name\" href=\"https:\/\/osk.koemau.at\/fussball\/spieler\/maximilian-warmuth\/\">M. Warmuth<\/a><div class=\"sp-ext-formation-player-performance-icons\"><i class=\"sp-icon-sub\" title=\"Auswechslung - 86' - Christopher Trittinger\" style=\"color: !important\"><\/i><\/div><\/div><div class=\"sp-ext-formation-player\"><div class=\"sp-ext-formation-shirt\"><img decoding=\"async\" src=\"https:\/\/osk.koemau.at\/fussball\/wp-content\/plugins\/sportspress-extension\/templates\/..\/assets\/images\/shirt.png\" \/><span class=\"sp-ext-formation-player-number\">18<\/span><\/div><a class=\"sp-ext-formation-player-name\" href=\"https:\/\/osk.koemau.at\/fussball\/spieler\/marco-lesiak\/\">M. Lesiak<\/a><div class=\"sp-ext-formation-player-performance-icons\"><i class=\"sp-icon-soccerball\" title=\"Tor - 81'\" style=\"color: !important\"><\/i><\/div><\/div><\/div><div class=\"sp-ext-formation-line\"><div class=\"sp-ext-formation-player\"><div class=\"sp-ext-formation-shirt\"><img decoding=\"async\" src=\"https:\/\/osk.koemau.at\/fussball\/wp-content\/plugins\/sportspress-extension\/templates\/..\/assets\/images\/shirt.png\" \/><span class=\"sp-ext-formation-player-number\">19<\/span><\/div><a class=\"sp-ext-formation-player-name\" href=\"https:\/\/osk.koemau.at\/fussball\/spieler\/christian-zankl\/\">C. Zankl<\/a><div class=\"sp-ext-formation-player-performance-icons\"><i class=\"sp-icon-sub\" title=\"Auswechslung - 84' - Lukas Trittinger\" style=\"color: !important\"><\/i><\/div><\/div><div class=\"sp-ext-formation-player\"><div class=\"sp-ext-formation-shirt\"><img decoding=\"async\" src=\"https:\/\/osk.koemau.at\/fussball\/wp-content\/plugins\/sportspress-extension\/templates\/..\/assets\/images\/shirt.png\" \/><span class=\"sp-ext-formation-player-number\">17<\/span><\/div><a class=\"sp-ext-formation-player-name\" href=\"https:\/\/osk.koemau.at\/fussball\/spieler\/christian-niescher\/\">C. Niescher<\/a><div class=\"sp-ext-formation-player-performance-icons\"><i class=\"sp-icon-soccerball\" title=\"Tor - 22', 90'\" style=\"color: !important\"><\/i><\/div><\/div><div class=\"sp-ext-formation-player\"><div class=\"sp-ext-formation-shirt\"><img decoding=\"async\" src=\"https:\/\/osk.koemau.at\/fussball\/wp-content\/plugins\/sportspress-extension\/templates\/..\/assets\/images\/shirt.png\" \/><span class=\"sp-ext-formation-player-number\">14<\/span><\/div><a class=\"sp-ext-formation-player-name\" href=\"https:\/\/osk.koemau.at\/fussball\/spieler\/manuel-schellander\/\">M. Schellander<\/a><div class=\"sp-ext-formation-player-performance-icons\"><i class=\"sp-icon-soccerball\" title=\"Tor - 1'\" style=\"color: !important\"><\/i><\/div><\/div><\/div><div class=\"sp-ext-formation-line\"><div class=\"sp-ext-formation-player\"><div class=\"sp-ext-formation-shirt\"><img decoding=\"async\" src=\"https:\/\/osk.koemau.at\/fussball\/wp-content\/plugins\/sportspress-extension\/templates\/..\/assets\/images\/shirt.png\" \/><span class=\"sp-ext-formation-player-number\">11<\/span><\/div><a class=\"sp-ext-formation-player-name\" href=\"https:\/\/osk.koemau.at\/fussball\/spieler\/christoph-schellander\/\">C. Schellander<\/a><div class=\"sp-ext-formation-player-performance-icons\"><i class=\"sp-icon-sub\" title=\"Auswechslung - 80' - Philipp Berger\" style=\"color: !important\"><\/i><\/div><\/div><div class=\"sp-ext-formation-player\"><div class=\"sp-ext-formation-shirt\"><img decoding=\"async\" src=\"https:\/\/osk.koemau.at\/fussball\/wp-content\/plugins\/sportspress-extension\/templates\/..\/assets\/images\/shirt.png\" \/><span class=\"sp-ext-formation-player-number\">8<\/span><\/div><a class=\"sp-ext-formation-player-name\" href=\"https:\/\/osk.koemau.at\/fussball\/spieler\/mario-niescher\/\">M. Niescher<\/a><div class=\"sp-ext-formation-player-performance-icons\"><\/div><\/div><\/div><div class=\"sp-ext-formation-subs\"><div class=\"sp-ext-formation-player\"><div class=\"sp-ext-formation-shirt\"><img decoding=\"async\" src=\"https:\/\/osk.koemau.at\/fussball\/wp-content\/plugins\/sportspress-extension\/templates\/..\/assets\/images\/shirt.png\" \/><span class=\"sp-ext-formation-player-number\">7<\/span><\/div><a class=\"sp-ext-formation-player-name\" href=\"https:\/\/osk.koemau.at\/fussball\/spieler\/christopher-trittinger\/\">C. Trittinger<\/a><div class=\"sp-ext-formation-player-performance-icons\"><i class=\"sp-icon-sub\" title=\"Auswechslung - 86' - Maximilian Warmuth\" style=\"color: !important\"><\/i><\/div><\/div><div class=\"sp-ext-formation-player\"><div class=\"sp-ext-formation-shirt\"><img decoding=\"async\" src=\"https:\/\/osk.koemau.at\/fussball\/wp-content\/plugins\/sportspress-extension\/templates\/..\/assets\/images\/shirt.png\" \/><span class=\"sp-ext-formation-player-number\">5<\/span><\/div><a class=\"sp-ext-formation-player-name\" href=\"https:\/\/osk.koemau.at\/fussball\/spieler\/lukas-trittinger\/\">L. Trittinger<\/a><div class=\"sp-ext-formation-player-performance-icons\"><i class=\"sp-icon-sub\" title=\"Auswechslung - 84' - Christian Zankl\" style=\"color: !important\"><\/i><\/div><\/div><div class=\"sp-ext-formation-player\"><div class=\"sp-ext-formation-shirt\"><img decoding=\"async\" src=\"https:\/\/osk.koemau.at\/fussball\/wp-content\/plugins\/sportspress-extension\/templates\/..\/assets\/images\/shirt.png\" \/><span class=\"sp-ext-formation-player-number\">2<\/span><\/div><a class=\"sp-ext-formation-player-name\" href=\"https:\/\/osk.koemau.at\/fussball\/spieler\/marko-markovic\/\">M. Markovic<\/a><div class=\"sp-ext-formation-player-performance-icons\"><\/div><\/div><div class=\"sp-ext-formation-player\"><div class=\"sp-ext-formation-shirt\"><img decoding=\"async\" src=\"https:\/\/osk.koemau.at\/fussball\/wp-content\/plugins\/sportspress-extension\/templates\/..\/assets\/images\/shirt.png\" \/><span class=\"sp-ext-formation-player-number\">6<\/span><\/div><a class=\"sp-ext-formation-player-name\" href=\"https:\/\/osk.koemau.at\/fussball\/spieler\/niklas-hohenwarter\/\">N. Hohenwarter<\/a><div class=\"sp-ext-formation-player-performance-icons\"><\/div><\/div><div class=\"sp-ext-formation-player\"><div class=\"sp-ext-formation-shirt\"><img decoding=\"async\" src=\"https:\/\/osk.koemau.at\/fussball\/wp-content\/plugins\/sportspress-extension\/templates\/..\/assets\/images\/shirt.png\" \/><span class=\"sp-ext-formation-player-number\">16<\/span><\/div><a class=\"sp-ext-formation-player-name\" href=\"https:\/\/osk.koemau.at\/fussball\/spieler\/philipp-berger\/\">P. Berger<\/a><div class=\"sp-ext-formation-player-performance-icons\"><i class=\"sp-icon-sub\" title=\"Auswechslung - 80' - Christoph Schellander\" style=\"color: !important\"><\/i><\/div><\/div><\/div>\t\t\t\t\t<\/div>\n\t<\/div>\n\t<\/div>\t\t<\/div><!-- .sp-event-performance-tables -->\n\t\t<\/div>\n<p><strong>Hier geht\u00b4s zum Spielbericht :<\/strong><\/p>\n<p><a href=\"https:\/\/www.oefb.at\/bewerbe\/Spiel\/Spielbericht\/3144162\/?SG-Virgental-TSU-Virgen-vs-Koetschach\">https:\/\/www.oefb.at\/bewerbe\/Spiel\/Spielbericht\/3144162\/?SG-Virgental-TSU-Virgen-vs-Koetschach<\/a><\/p>\n<p>\u00a0<\/p>\n<p>Auch unser Challengeteam musste dieses Wochenende wieder einmal stark ersatzgeschw\u00e4cht die Reise nach Virgen antreten. Man konnte das Spiel der beiden Challengeteams jedoch souver\u00e4n mit 1:5 f\u00fcr sich entscheiden und ging somit als verdienter Sieger vom Platz.<\/p>\n<p>Im Tor unseres Challengeteams feierte Albert Schmid nach jahrelanger Karrierepause sein Comeback und konnte nur durch einen Fehler der OSK Defensive bezwungen werden.<\/p>\n<p>Torsch\u00fctzen f\u00fcr das OSK Challenge Team: Christopher Trittinger, Armin Kaplenig (2) und Philipp Berger (2)<\/p>\n<p>\u00a0<\/p>\n<p><strong>Das Challenge Team spielte mit:<\/strong><\/p>\n<p>Schmid A. &#8211; Markovic M., Kaplenig A., Karl S., Hohenwarter N. &#8211; Lamprecht M., Obernosterer M., Ainetter M. (Obernosterer L.), Trittinger C. (Berger P.) &#8211; Klauss C., Fidanci Y.<\/p>\n<p>\u00a0<\/p>\n<p><strong>Hier geht\u00b4s zum Spielbericht :<\/strong><\/p>\n<p><a href=\"https:\/\/www.oefb.at\/bewerbe\/Spiel\/Spielbericht\/3144218\/?SG-Virgental-TSU-Virgen-vs-Koetschach\">https:\/\/www.oefb.at\/bewerbe\/Spiel\/Spielbericht\/3144218\/?SG-Virgental-TSU-Virgen-vs-Koetschach<\/a><\/p>\n<p>\u00a0<\/p>\n\n\n<p><\/p>\n","protected":false},"excerpt":{"rendered":"<p>SG Virgental\/TSU Virgen &#8211; OSK K\u00f6tschach-Mauthen 0:4 (0:2) Torsch\u00fctzen: Manuel Schellander, Christian Niescher (2) und Marco Lesiak (Elfmeter) Schiedsrichter: Stefan Grau Zuschauer: 124 Nachdem knappen Heimsieg gegen den SV Tristach am vergangenen Wochenende stand an diesem Sonntag das Ausw\u00e4rtsspiel gegen die SG Virgental\/Virgen an.<\/p>\n","protected":false},"author":3,"featured_media":8029,"comment_status":"closed","ping_status":"open","sticky":false,"template":"","format":"standard","meta":{"footnotes":""},"categories":[1],"tags":[],"_links":{"self":[{"href":"https:\/\/osk.koemau.at\/fussball\/wp-json\/wp\/v2\/posts\/8024"}],"collection":[{"href":"https:\/\/osk.koemau.at\/fussball\/wp-json\/wp\/v2\/posts"}],"about":[{"href":"https:\/\/osk.koemau.at\/fussball\/wp-json\/wp\/v2\/types\/post"}],"author":[{"embeddable":true,"href":"https:\/\/osk.koemau.at\/fussball\/wp-json\/wp\/v2\/users\/3"}],"replies":[{"embeddable":true,"href":"https:\/\/osk.koemau.at\/fussball\/wp-json\/wp\/v2\/comments?post=8024"}],"version-history":[{"count":4,"href":"https:\/\/osk.koemau.at\/fussball\/wp-json\/wp\/v2\/posts\/8024\/revisions"}],"predecessor-version":[{"id":8051,"href":"https:\/\/osk.koemau.at\/fussball\/wp-json\/wp\/v2\/posts\/8024\/revisions\/8051"}],"wp:featuredmedia":[{"embeddable":true,"href":"https:\/\/osk.koemau.at\/fussball\/wp-json\/wp\/v2\/media\/8029"}],"wp:attachment":[{"href":"https:\/\/osk.koemau.at\/fussball\/wp-json\/wp\/v2\/media?parent=8024"}],"wp:term":[{"taxonomy":"category","embeddable":true,"href":"https:\/\/osk.koemau.at\/fussball\/wp-json\/wp\/v2\/categories?post=8024"},{"taxonomy":"post_tag","embeddable":true,"href":"https:\/\/osk.koemau.at\/fussball\/wp-json\/wp\/v2\/tags?post=8024"}],"curies":[{"name":"wp","href":"https:\/\/api.w.org\/{rel}","templated":true}]}}