{"id":9468,"date":"2024-06-21T08:00:00","date_gmt":"2024-06-21T06:00:00","guid":{"rendered":"https:\/\/osk.koemau.at\/fussball\/?p=9468"},"modified":"2024-06-21T08:08:07","modified_gmt":"2024-06-21T06:08:07","slug":"rueckblick-auf-die-fruehjahresmeisterschaft-2023-24","status":"publish","type":"post","link":"https:\/\/osk.koemau.at\/fussball\/2024\/06\/21\/rueckblick-auf-die-fruehjahresmeisterschaft-2023-24\/","title":{"rendered":"R\u00fcckblick auf die Fr\u00fchjahresmeisterschaft 2023\/24"},"content":{"rendered":"<p>Am Ende des Herbstdurchgangs belegte unsere Kampfmannschaft den neunten Tabellenrang, im Fr\u00fchjahr konnte man sich ein bisschen weiter nach vorne k\u00e4mpfen und beendete die Saison auf dem siebenten Tabellenplatz.<\/p>\n<p><!--more--><\/p>\n<p>\u00dcber die Winterpause gab es eine Kaderver\u00e4nderung. Der OSK holte mit <strong>Goran Lalic<\/strong> einen neuen Tormann f\u00fcr das Fr\u00fchjahr, da <strong>Joshua Karl<\/strong> aufgrund seines Studiums nicht mehr zur Verf\u00fcgung stand. Nach einer schwierigen Hinrunde war das Ziel f\u00fcr die R\u00fcckrunde in der Tabelle m\u00f6glichst viel auf die vorderen Pl\u00e4tze aufzuholen und nach M\u00f6glichkeit die Titelaspiranten zu &#8222;\u00e4rgern&#8220;. Bereits im ersten Fr\u00fchjahresspiel setzte man ein kr\u00e4ftiges Ausrufezeichen und besiegte den sp\u00e4teren Meister SV Seeboden mit 0:1. In weiterer Folge konnte man vier Spiele gewinnen, musste f\u00fcnf Mal als Verlierer vom Platz gehen und holte im letzten Saisonspiel ein 3:3 Unentschieden gegen den SV Penk<\/p>\n<figure id=\"attachment_9327\" aria-describedby=\"caption-attachment-9327\" style=\"width: 169px\" class=\"wp-caption aligncenter\"><img loading=\"lazy\" decoding=\"async\" class=\"wp-image-9327 size-medium\" src=\"http:\/\/osk.koemau.at\/fussball\/wp-content\/uploads\/sites\/2\/2023\/06\/30628279_M-169x300.jpg\" alt=\"\" width=\"169\" height=\"300\" srcset=\"https:\/\/osk.koemau.at\/fussball\/wp-content\/uploads\/sites\/2\/2023\/06\/30628279_M-169x300.jpg 169w, https:\/\/osk.koemau.at\/fussball\/wp-content\/uploads\/sites\/2\/2023\/06\/30628279_M-72x128.jpg 72w, https:\/\/osk.koemau.at\/fussball\/wp-content\/uploads\/sites\/2\/2023\/06\/30628279_M.jpg 180w\" sizes=\"(max-width: 169px) 100vw, 169px\" \/><figcaption id=\"caption-attachment-9327\" class=\"wp-caption-text\"><strong>Marc Angelo Mareschi<\/strong> beendete seine erste Saison als OSK Trainer auf dem siebenten Tabellenplatz.<\/figcaption><\/figure>\n<p>Nun aber ein genauerer \u00dcberblick der Fr\u00fchjahresmeisterschaft:<\/p>\n<p>Unsere Mannschaft startete am 26. J\u00e4nner mit der Vorbereitung auf die Fr\u00fchjahresmeisterschaft, in welcher auch einige Trainingsspiele (<a href=\"https:\/\/osk.koemau.at\/fussball\/2024\/02\/21\/%e2%9a%bd-vorbereitung-auf-die-fruehjahresmeisterschaft-202-gestartet-%e2%9a%bd\/\" target=\"_blank\" rel=\"noopener noreferrer\">&#8230;hier geht&#8217;s zum Bericht \u00fcber die Vorbereitung<\/a>) anstanden.<\/p>\n<p>Anfang April begann dann die Fr\u00fchjahresmeisterschaft mit dem Ausw\u00e4rtsspiel gegen den SV Seeboden, bei welchem unser Team mit einem 0:1 Ausw\u00e4rtssieg perfekt in die R\u00fcckrunde startete. Eine Woche danach ging man beim ersten Heimspiel erneut als Sieger vom Platz und holte gegen die SPG Virgen\/Virgental einen 2:0 Erfolg. Auch im dritten Spiel ausw\u00e4rts bei der TSU Ainet holte man drei Punkte und schlug die Osttiroler mit 1:3.<\/p>\n<p>Im n\u00e4chsten Spiel (ausw\u00e4rts gegen den SV Tristach) musste man sich das erste Mal im Kalenderjahr 2024 geschlagen geben. Man verlor mit 1:0. Auch am darauffolgenden Wochenende ging man als Verlierer vom Platz. Man verlor zu Hause gegen die SU Oberlienz mit 1:3. Am &#8222;Christi Himmelfahrt Feiertag&#8220; besiegte man den SV Irschen ausw\u00e4rts mit 2:5.<\/p>\n<p>Nur zwei Tage sp\u00e4ter konnte man beim Heimspiel gegn den SV Baldramsdorf erneut einen Dreier einfahren. In der 23. Runde verlor unsere Mannschaft das Gailtalderby in Kirchbach mit 3:2, und musste sich auch eine Woche sp\u00e4ter beim Heimspiel gegen den SV Sportastic Spittal 1b mit 1:2 geschlagen geben.<\/p>\n<p>Die Gegner der letzen beiden Runden hie\u00dfen FC Sillian (A) und SV Penk (H). In Sillian musste man sich trotz guter Leistung mit 3:1 geschlagen geben und im letzten Meisterschaftsspiel gegen den SV Penk holte man ein 3:3 Unentschieden.<\/p>\n<div class=\"sportspress\"><h4 class=\"sp-table-caption\">Spielerstatistik Meisterschaft 2023\/24<\/h4><div class=\"sp-template sp-template-player-list\"><div class=\"sp-table-wrapper\"><table class=\"sp-player-list sp-data-table sp-sortable-table sp-responsive-table playerlist_69f59f6cae9da sp-scrollable-table sp-paginated-table\" data-sp-rows=\"50\"><thead><tr><th class=\"data-name\">Spieler<\/th><th class=\"data-played\">Gesp.<\/th><th class=\"data-attended\">Sp.<\/th><th class=\"data-goals\"><i class=\"sp-icon-soccerball\" title=\"Tor\" style=\"color: !important\"><\/i> <\/th><th class=\"data-yellowcards\"><i class=\"sp-icon-card\" title=\"Gelbe Karte\" style=\"color:#f4d014 !important\"><\/i> <\/th><th class=\"data-yellowredcards\"><i class=\"sp-icon-card\" title=\"Gelb\/Rote Karte\" style=\"color:#ffa500 !important\"><\/i> <\/th><th class=\"data-redcards\"><i class=\"sp-icon-card\" title=\"Rote Karte\" style=\"color:#d4000f !important\"><\/i> <\/th><th class=\"data-minutesplayed\">min.<\/th><th class=\"data-minutesperevent\">min.\/Sp.<\/th><th class=\"data-subbedin\">eingew.<\/th><th class=\"data-subbedout\">ausgew.<\/th><\/tr><\/thead><tbody><tr class=\"odd\"><td class=\"data-name has-photo\" data-label=\"Spieler\"><a href=\"https:\/\/osk.koemau.at\/fussball\/spieler\/albert-schmid\/\"><span class=\"player-photo\"><img loading=\"lazy\" decoding=\"async\" width=\"102\" height=\"128\" src=\"https:\/\/osk.koemau.at\/fussball\/wp-content\/uploads\/sites\/2\/2023\/10\/1278650591628556536_36574ad8267b8e098069-10-320x320-1-102x128.png\" class=\"attachment-sportspress-fit-icon size-sportspress-fit-icon wp-post-image\" alt=\"\" \/><\/span>Albert Schmid<\/a><\/td><td class=\"data-played\" data-label=\"Gesp.\">2<\/td><td class=\"data-attended\" data-label=\"Sp.\">2<\/td><td class=\"data-goals\" data-label=\"Tor\">0<\/td><td class=\"data-yellowcards\" data-label=\"Gelbe Karte\">0<\/td><td class=\"data-yellowredcards\" data-label=\"Gelb\/Rote Karte\">0<\/td><td class=\"data-redcards\" data-label=\"Rote Karte\">0<\/td><td class=\"data-minutesplayed\" data-label=\"min.\">180<\/td><td class=\"data-minutesperevent\" data-label=\"min.\/Sp.\">90<\/td><td class=\"data-subbedin\" data-label=\"eingew.\">0<\/td><td class=\"data-subbedout\" data-label=\"ausgew.\">0<\/td><\/tr><tr class=\"even\"><td class=\"data-name has-photo\" data-label=\"Spieler\"><a href=\"https:\/\/osk.koemau.at\/fussball\/spieler\/aleksandar-dokic\/\"><span class=\"player-photo\"><img loading=\"lazy\" decoding=\"async\" width=\"96\" height=\"128\" src=\"https:\/\/osk.koemau.at\/fussball\/wp-content\/uploads\/sites\/2\/1994\/12\/aleks-96x128.png\" class=\"attachment-sportspress-fit-icon size-sportspress-fit-icon wp-post-image\" alt=\"\" \/><\/span>Aleksandar Dokic<\/a><\/td><td class=\"data-played\" data-label=\"Gesp.\">24<\/td><td class=\"data-attended\" data-label=\"Sp.\">24<\/td><td class=\"data-goals\" data-label=\"Tor\">20<\/td><td class=\"data-yellowcards\" data-label=\"Gelbe Karte\">3<\/td><td class=\"data-yellowredcards\" data-label=\"Gelb\/Rote Karte\">0<\/td><td class=\"data-redcards\" data-label=\"Rote Karte\">0<\/td><td class=\"data-minutesplayed\" data-label=\"min.\">2019<\/td><td class=\"data-minutesperevent\" data-label=\"min.\/Sp.\">84<\/td><td class=\"data-subbedin\" data-label=\"eingew.\">0<\/td><td class=\"data-subbedout\" data-label=\"ausgew.\">8<\/td><\/tr><tr class=\"odd\"><td class=\"data-name has-photo\" data-label=\"Spieler\"><a href=\"https:\/\/osk.koemau.at\/fussball\/spieler\/andreas-obernosterer\/\"><span class=\"player-photo\"><img loading=\"lazy\" decoding=\"async\" width=\"85\" height=\"128\" src=\"https:\/\/osk.koemau.at\/fussball\/wp-content\/uploads\/sites\/2\/2018\/08\/obernosterer-andreas-85x128.jpg\" class=\"attachment-sportspress-fit-icon size-sportspress-fit-icon wp-post-image\" alt=\"\" \/><\/span>Andreas Obernosterer<\/a><\/td><td class=\"data-played\" data-label=\"Gesp.\">26<\/td><td class=\"data-attended\" data-label=\"Sp.\">26<\/td><td class=\"data-goals\" data-label=\"Tor\">1<\/td><td class=\"data-yellowcards\" data-label=\"Gelbe Karte\">3<\/td><td class=\"data-yellowredcards\" data-label=\"Gelb\/Rote Karte\">0<\/td><td class=\"data-redcards\" data-label=\"Rote Karte\">0<\/td><td class=\"data-minutesplayed\" data-label=\"min.\">2340<\/td><td class=\"data-minutesperevent\" data-label=\"min.\/Sp.\">90<\/td><td class=\"data-subbedin\" data-label=\"eingew.\">0<\/td><td class=\"data-subbedout\" data-label=\"ausgew.\">0<\/td><\/tr><tr class=\"even\"><td class=\"data-name has-photo\" data-label=\"Spieler\"><a href=\"https:\/\/osk.koemau.at\/fussball\/spieler\/christian-niescher\/\"><span class=\"player-photo\"><img loading=\"lazy\" decoding=\"async\" width=\"85\" height=\"128\" src=\"https:\/\/osk.koemau.at\/fussball\/wp-content\/uploads\/sites\/2\/2018\/08\/niescher-christian-85x128.jpg\" class=\"attachment-sportspress-fit-icon size-sportspress-fit-icon wp-post-image\" alt=\"\" \/><\/span>Christian Niescher<\/a><\/td><td class=\"data-played\" data-label=\"Gesp.\">22<\/td><td class=\"data-attended\" data-label=\"Sp.\">22<\/td><td class=\"data-goals\" data-label=\"Tor\">8<\/td><td class=\"data-yellowcards\" data-label=\"Gelbe Karte\">10<\/td><td class=\"data-yellowredcards\" data-label=\"Gelb\/Rote Karte\">0<\/td><td class=\"data-redcards\" data-label=\"Rote Karte\">0<\/td><td class=\"data-minutesplayed\" data-label=\"min.\">1982<\/td><td class=\"data-minutesperevent\" data-label=\"min.\/Sp.\">90<\/td><td class=\"data-subbedin\" data-label=\"eingew.\">0<\/td><td class=\"data-subbedout\" data-label=\"ausgew.\">2<\/td><\/tr><tr class=\"odd\"><td class=\"data-name has-photo\" data-label=\"Spieler\"><a href=\"https:\/\/osk.koemau.at\/fussball\/spieler\/christian-zankl\/\"><span class=\"player-photo\"><img loading=\"lazy\" decoding=\"async\" width=\"93\" height=\"128\" src=\"https:\/\/osk.koemau.at\/fussball\/wp-content\/uploads\/sites\/2\/2022\/03\/zankl-christian-93x128.jpg\" class=\"attachment-sportspress-fit-icon size-sportspress-fit-icon wp-post-image\" alt=\"\" \/><\/span>Christian Zankl<\/a><\/td><td class=\"data-played\" data-label=\"Gesp.\">21<\/td><td class=\"data-attended\" data-label=\"Sp.\">21<\/td><td class=\"data-goals\" data-label=\"Tor\">5<\/td><td class=\"data-yellowcards\" data-label=\"Gelbe Karte\">13<\/td><td class=\"data-yellowredcards\" data-label=\"Gelb\/Rote Karte\">1<\/td><td class=\"data-redcards\" data-label=\"Rote Karte\">0<\/td><td class=\"data-minutesplayed\" data-label=\"min.\">1739<\/td><td class=\"data-minutesperevent\" data-label=\"min.\/Sp.\">83<\/td><td class=\"data-subbedin\" data-label=\"eingew.\">1<\/td><td class=\"data-subbedout\" data-label=\"ausgew.\">9<\/td><\/tr><tr class=\"even\"><td class=\"data-name has-photo\" data-label=\"Spieler\"><a href=\"https:\/\/osk.koemau.at\/fussball\/spieler\/christoph-schellander\/\"><span class=\"player-photo\"><img loading=\"lazy\" decoding=\"async\" width=\"106\" height=\"128\" src=\"https:\/\/osk.koemau.at\/fussball\/wp-content\/uploads\/sites\/2\/2019\/08\/schellander-christoph-106x128.jpg\" class=\"attachment-sportspress-fit-icon size-sportspress-fit-icon wp-post-image\" alt=\"\" \/><\/span>Christoph Schellander<\/a><\/td><td class=\"data-played\" data-label=\"Gesp.\">25<\/td><td class=\"data-attended\" data-label=\"Sp.\">25<\/td><td class=\"data-goals\" data-label=\"Tor\">4<\/td><td class=\"data-yellowcards\" data-label=\"Gelbe Karte\">2<\/td><td class=\"data-yellowredcards\" data-label=\"Gelb\/Rote Karte\">0<\/td><td class=\"data-redcards\" data-label=\"Rote Karte\">0<\/td><td class=\"data-minutesplayed\" data-label=\"min.\">1870<\/td><td class=\"data-minutesperevent\" data-label=\"min.\/Sp.\">75<\/td><td class=\"data-subbedin\" data-label=\"eingew.\">1<\/td><td class=\"data-subbedout\" data-label=\"ausgew.\">14<\/td><\/tr><tr class=\"odd\"><td class=\"data-name has-photo\" data-label=\"Spieler\"><a href=\"https:\/\/osk.koemau.at\/fussball\/spieler\/christopher-trittinger\/\"><span class=\"player-photo\"><img loading=\"lazy\" decoding=\"async\" width=\"85\" height=\"128\" src=\"https:\/\/osk.koemau.at\/fussball\/wp-content\/uploads\/sites\/2\/1999\/04\/chrissi-85x128.png\" class=\"attachment-sportspress-fit-icon size-sportspress-fit-icon wp-post-image\" alt=\"\" \/><\/span>Christopher Trittinger<\/a><\/td><td class=\"data-played\" data-label=\"Gesp.\">18<\/td><td class=\"data-attended\" data-label=\"Sp.\">21<\/td><td class=\"data-goals\" data-label=\"Tor\">0<\/td><td class=\"data-yellowcards\" data-label=\"Gelbe Karte\">5<\/td><td class=\"data-yellowredcards\" data-label=\"Gelb\/Rote Karte\">0<\/td><td class=\"data-redcards\" data-label=\"Rote Karte\">0<\/td><td class=\"data-minutesplayed\" data-label=\"min.\">482<\/td><td class=\"data-minutesperevent\" data-label=\"min.\/Sp.\">23<\/td><td class=\"data-subbedin\" data-label=\"eingew.\">13<\/td><td class=\"data-subbedout\" data-label=\"ausgew.\">4<\/td><\/tr><tr class=\"even\"><td class=\"data-name\" data-label=\"Spieler\"><a href=\"https:\/\/osk.koemau.at\/fussball\/spieler\/david-pieler\/\">David Pieler<\/a><\/td><td class=\"data-played\" data-label=\"Gesp.\">3<\/td><td class=\"data-attended\" data-label=\"Sp.\">7<\/td><td class=\"data-goals\" data-label=\"Tor\">0<\/td><td class=\"data-yellowcards\" data-label=\"Gelbe Karte\">0<\/td><td class=\"data-yellowredcards\" data-label=\"Gelb\/Rote Karte\">0<\/td><td class=\"data-redcards\" data-label=\"Rote Karte\">0<\/td><td class=\"data-minutesplayed\" data-label=\"min.\">21<\/td><td class=\"data-minutesperevent\" data-label=\"min.\/Sp.\">3<\/td><td class=\"data-subbedin\" data-label=\"eingew.\">3<\/td><td class=\"data-subbedout\" data-label=\"ausgew.\">0<\/td><\/tr><tr class=\"odd\"><td class=\"data-name has-photo\" data-label=\"Spieler\"><a href=\"https:\/\/osk.koemau.at\/fussball\/spieler\/diego-mareschi\/\"><span class=\"player-photo\"><img loading=\"lazy\" decoding=\"async\" width=\"102\" height=\"128\" src=\"https:\/\/osk.koemau.at\/fussball\/wp-content\/uploads\/sites\/2\/2006\/08\/diego-102x128.png\" class=\"attachment-sportspress-fit-icon size-sportspress-fit-icon wp-post-image\" alt=\"\" \/><\/span>Diego Mareschi<\/a><\/td><td class=\"data-played\" data-label=\"Gesp.\">18<\/td><td class=\"data-attended\" data-label=\"Sp.\">25<\/td><td class=\"data-goals\" data-label=\"Tor\">0<\/td><td class=\"data-yellowcards\" data-label=\"Gelbe Karte\">1<\/td><td class=\"data-yellowredcards\" data-label=\"Gelb\/Rote Karte\">0<\/td><td class=\"data-redcards\" data-label=\"Rote Karte\">0<\/td><td class=\"data-minutesplayed\" data-label=\"min.\">598<\/td><td class=\"data-minutesperevent\" data-label=\"min.\/Sp.\">24<\/td><td class=\"data-subbedin\" data-label=\"eingew.\">15<\/td><td class=\"data-subbedout\" data-label=\"ausgew.\">3<\/td><\/tr><tr class=\"even\"><td class=\"data-name has-photo\" data-label=\"Spieler\"><a href=\"https:\/\/osk.koemau.at\/fussball\/spieler\/fabio-vidali\/\"><span class=\"player-photo\"><img loading=\"lazy\" decoding=\"async\" width=\"100\" height=\"128\" src=\"https:\/\/osk.koemau.at\/fussball\/wp-content\/uploads\/sites\/2\/2024\/05\/IMG_6822-Mittel-100x128.jpg\" class=\"attachment-sportspress-fit-icon size-sportspress-fit-icon wp-post-image\" alt=\"\" \/><\/span>Fabio Vidali<\/a><\/td><td class=\"data-played\" data-label=\"Gesp.\">1<\/td><td class=\"data-attended\" data-label=\"Sp.\">1<\/td><td class=\"data-goals\" data-label=\"Tor\">0<\/td><td class=\"data-yellowcards\" data-label=\"Gelbe Karte\">0<\/td><td class=\"data-yellowredcards\" data-label=\"Gelb\/Rote Karte\">0<\/td><td class=\"data-redcards\" data-label=\"Rote Karte\">0<\/td><td class=\"data-minutesplayed\" data-label=\"min.\">5<\/td><td class=\"data-minutesperevent\" data-label=\"min.\/Sp.\">5<\/td><td class=\"data-subbedin\" data-label=\"eingew.\">1<\/td><td class=\"data-subbedout\" data-label=\"ausgew.\">0<\/td><\/tr><tr class=\"odd\"><td class=\"data-name has-photo\" data-label=\"Spieler\"><a href=\"https:\/\/osk.koemau.at\/fussball\/spieler\/goran-lalic\/\"><span class=\"player-photo\"><img loading=\"lazy\" decoding=\"async\" width=\"102\" height=\"128\" src=\"https:\/\/osk.koemau.at\/fussball\/wp-content\/uploads\/sites\/2\/2024\/02\/goran-102x128.png\" class=\"attachment-sportspress-fit-icon size-sportspress-fit-icon wp-post-image\" alt=\"\" \/><\/span>Goran Lalic<\/a><\/td><td class=\"data-played\" data-label=\"Gesp.\">10<\/td><td class=\"data-attended\" data-label=\"Sp.\">10<\/td><td class=\"data-goals\" data-label=\"Tor\">0<\/td><td class=\"data-yellowcards\" data-label=\"Gelbe Karte\">0<\/td><td class=\"data-yellowredcards\" data-label=\"Gelb\/Rote Karte\">0<\/td><td class=\"data-redcards\" data-label=\"Rote Karte\">0<\/td><td class=\"data-minutesplayed\" data-label=\"min.\">900<\/td><td class=\"data-minutesperevent\" data-label=\"min.\/Sp.\">90<\/td><td class=\"data-subbedin\" data-label=\"eingew.\">0<\/td><td class=\"data-subbedout\" data-label=\"ausgew.\">0<\/td><\/tr><tr class=\"even\"><td class=\"data-name has-photo\" data-label=\"Spieler\"><a href=\"https:\/\/osk.koemau.at\/fussball\/spieler\/ivan-timeus\/\"><span class=\"player-photo\"><img loading=\"lazy\" decoding=\"async\" width=\"85\" height=\"128\" src=\"https:\/\/osk.koemau.at\/fussball\/wp-content\/uploads\/sites\/2\/2018\/08\/timeus-ivan-85x128.jpg\" class=\"attachment-sportspress-fit-icon size-sportspress-fit-icon wp-post-image\" alt=\"\" \/><\/span>Ivan Timeus<\/a><\/td><td class=\"data-played\" data-label=\"Gesp.\">10<\/td><td class=\"data-attended\" data-label=\"Sp.\">10<\/td><td class=\"data-goals\" data-label=\"Tor\">0<\/td><td class=\"data-yellowcards\" data-label=\"Gelbe Karte\">0<\/td><td class=\"data-yellowredcards\" data-label=\"Gelb\/Rote Karte\">0<\/td><td class=\"data-redcards\" data-label=\"Rote Karte\">0<\/td><td class=\"data-minutesplayed\" data-label=\"min.\">217<\/td><td class=\"data-minutesperevent\" data-label=\"min.\/Sp.\">22<\/td><td class=\"data-subbedin\" data-label=\"eingew.\">10<\/td><td class=\"data-subbedout\" data-label=\"ausgew.\">0<\/td><\/tr><tr class=\"odd\"><td class=\"data-name has-photo\" data-label=\"Spieler\"><a href=\"https:\/\/osk.koemau.at\/fussball\/spieler\/joshua-karl\/\"><span class=\"player-photo\"><img loading=\"lazy\" decoding=\"async\" width=\"110\" height=\"128\" src=\"https:\/\/osk.koemau.at\/fussball\/wp-content\/uploads\/sites\/2\/2019\/08\/karl-joshua-110x128.jpg\" class=\"attachment-sportspress-fit-icon size-sportspress-fit-icon wp-post-image\" alt=\"\" \/><\/span>Joshua Karl<\/a><\/td><td class=\"data-played\" data-label=\"Gesp.\">9<\/td><td class=\"data-attended\" data-label=\"Sp.\">9<\/td><td class=\"data-goals\" data-label=\"Tor\">0<\/td><td class=\"data-yellowcards\" data-label=\"Gelbe Karte\">0<\/td><td class=\"data-yellowredcards\" data-label=\"Gelb\/Rote Karte\">0<\/td><td class=\"data-redcards\" data-label=\"Rote Karte\">0<\/td><td class=\"data-minutesplayed\" data-label=\"min.\">810<\/td><td class=\"data-minutesperevent\" data-label=\"min.\/Sp.\">90<\/td><td class=\"data-subbedin\" data-label=\"eingew.\">0<\/td><td class=\"data-subbedout\" data-label=\"ausgew.\">0<\/td><\/tr><tr class=\"even\"><td class=\"data-name has-photo\" data-label=\"Spieler\"><a href=\"https:\/\/osk.koemau.at\/fussball\/spieler\/julian-anether\/\"><span class=\"player-photo\"><img loading=\"lazy\" decoding=\"async\" width=\"102\" height=\"128\" src=\"https:\/\/osk.koemau.at\/fussball\/wp-content\/uploads\/sites\/2\/2024\/05\/IMG_6823-Mittel-102x128.jpg\" class=\"attachment-sportspress-fit-icon size-sportspress-fit-icon wp-post-image\" alt=\"\" \/><\/span>Julian Anether<\/a><\/td><td class=\"data-played\" data-label=\"Gesp.\">2<\/td><td class=\"data-attended\" data-label=\"Sp.\">2<\/td><td class=\"data-goals\" data-label=\"Tor\">0<\/td><td class=\"data-yellowcards\" data-label=\"Gelbe Karte\">0<\/td><td class=\"data-yellowredcards\" data-label=\"Gelb\/Rote Karte\">0<\/td><td class=\"data-redcards\" data-label=\"Rote Karte\">0<\/td><td class=\"data-minutesplayed\" data-label=\"min.\">92<\/td><td class=\"data-minutesperevent\" data-label=\"min.\/Sp.\">46<\/td><td class=\"data-subbedin\" data-label=\"eingew.\">1<\/td><td class=\"data-subbedout\" data-label=\"ausgew.\">0<\/td><\/tr><tr class=\"odd\"><td class=\"data-name has-photo\" data-label=\"Spieler\"><a href=\"https:\/\/osk.koemau.at\/fussball\/spieler\/kyrylo-ptakhin\/\"><span class=\"player-photo\"><img loading=\"lazy\" decoding=\"async\" width=\"85\" height=\"128\" src=\"https:\/\/osk.koemau.at\/fussball\/wp-content\/uploads\/sites\/2\/2005\/10\/kyro-85x128.png\" class=\"attachment-sportspress-fit-icon size-sportspress-fit-icon wp-post-image\" alt=\"\" \/><\/span>Kyrylo Ptakhin<\/a><\/td><td class=\"data-played\" data-label=\"Gesp.\">20<\/td><td class=\"data-attended\" data-label=\"Sp.\">20<\/td><td class=\"data-goals\" data-label=\"Tor\">1<\/td><td class=\"data-yellowcards\" data-label=\"Gelbe Karte\">6<\/td><td class=\"data-yellowredcards\" data-label=\"Gelb\/Rote Karte\">0<\/td><td class=\"data-redcards\" data-label=\"Rote Karte\">0<\/td><td class=\"data-minutesplayed\" data-label=\"min.\">1503<\/td><td class=\"data-minutesperevent\" data-label=\"min.\/Sp.\">75<\/td><td class=\"data-subbedin\" data-label=\"eingew.\">2<\/td><td class=\"data-subbedout\" data-label=\"ausgew.\">6<\/td><\/tr><tr class=\"even\"><td class=\"data-name has-photo\" data-label=\"Spieler\"><a href=\"https:\/\/osk.koemau.at\/fussball\/spieler\/lenart-brolih\/\"><span class=\"player-photo\"><img loading=\"lazy\" decoding=\"async\" width=\"98\" height=\"128\" src=\"https:\/\/osk.koemau.at\/fussball\/wp-content\/uploads\/sites\/2\/1998\/02\/brolih-lenart-98x128.jpg\" class=\"attachment-sportspress-fit-icon size-sportspress-fit-icon wp-post-image\" alt=\"\" \/><\/span>Lenart Brolih<\/a><\/td><td class=\"data-played\" data-label=\"Gesp.\">11<\/td><td class=\"data-attended\" data-label=\"Sp.\">11<\/td><td class=\"data-goals\" data-label=\"Tor\">1<\/td><td class=\"data-yellowcards\" data-label=\"Gelbe Karte\">1<\/td><td class=\"data-yellowredcards\" data-label=\"Gelb\/Rote Karte\">0<\/td><td class=\"data-redcards\" data-label=\"Rote Karte\">0<\/td><td class=\"data-minutesplayed\" data-label=\"min.\">990<\/td><td class=\"data-minutesperevent\" data-label=\"min.\/Sp.\">90<\/td><td class=\"data-subbedin\" data-label=\"eingew.\">0<\/td><td class=\"data-subbedout\" data-label=\"ausgew.\">0<\/td><\/tr><tr class=\"odd\"><td class=\"data-name has-photo\" data-label=\"Spieler\"><a href=\"https:\/\/osk.koemau.at\/fussball\/spieler\/lukas-trittinger\/\"><span class=\"player-photo\"><img loading=\"lazy\" decoding=\"async\" width=\"100\" height=\"128\" src=\"https:\/\/osk.koemau.at\/fussball\/wp-content\/uploads\/sites\/2\/2019\/08\/trittinger-lukas-100x128.jpg\" class=\"attachment-sportspress-fit-icon size-sportspress-fit-icon wp-post-image\" alt=\"\" \/><\/span>Lukas Trittinger<\/a><\/td><td class=\"data-played\" data-label=\"Gesp.\">21<\/td><td class=\"data-attended\" data-label=\"Sp.\">22<\/td><td class=\"data-goals\" data-label=\"Tor\">1<\/td><td class=\"data-yellowcards\" data-label=\"Gelbe Karte\">5<\/td><td class=\"data-yellowredcards\" data-label=\"Gelb\/Rote Karte\">0<\/td><td class=\"data-redcards\" data-label=\"Rote Karte\">0<\/td><td class=\"data-minutesplayed\" data-label=\"min.\">1461<\/td><td class=\"data-minutesperevent\" data-label=\"min.\/Sp.\">66<\/td><td class=\"data-subbedin\" data-label=\"eingew.\">4<\/td><td class=\"data-subbedout\" data-label=\"ausgew.\">9<\/td><\/tr><tr class=\"even\"><td class=\"data-name has-photo\" data-label=\"Spieler\"><a href=\"https:\/\/osk.koemau.at\/fussball\/spieler\/manuel-schellander\/\"><span class=\"player-photo\"><img loading=\"lazy\" decoding=\"async\" width=\"91\" height=\"128\" src=\"https:\/\/osk.koemau.at\/fussball\/wp-content\/uploads\/sites\/2\/2019\/11\/schellander-manuel-91x128.jpeg\" class=\"attachment-sportspress-fit-icon size-sportspress-fit-icon wp-post-image\" alt=\"\" \/><\/span>Manuel Schellander<\/a><\/td><td class=\"data-played\" data-label=\"Gesp.\">7<\/td><td class=\"data-attended\" data-label=\"Sp.\">7<\/td><td class=\"data-goals\" data-label=\"Tor\">0<\/td><td class=\"data-yellowcards\" data-label=\"Gelbe Karte\">0<\/td><td class=\"data-yellowredcards\" data-label=\"Gelb\/Rote Karte\">0<\/td><td class=\"data-redcards\" data-label=\"Rote Karte\">0<\/td><td class=\"data-minutesplayed\" data-label=\"min.\">354<\/td><td class=\"data-minutesperevent\" data-label=\"min.\/Sp.\">51<\/td><td class=\"data-subbedin\" data-label=\"eingew.\">3<\/td><td class=\"data-subbedout\" data-label=\"ausgew.\">3<\/td><\/tr><tr class=\"odd\"><td class=\"data-name has-photo\" data-label=\"Spieler\"><a href=\"https:\/\/osk.koemau.at\/fussball\/spieler\/marco-lesiak\/\"><span class=\"player-photo\"><img loading=\"lazy\" decoding=\"async\" width=\"110\" height=\"128\" src=\"https:\/\/osk.koemau.at\/fussball\/wp-content\/uploads\/sites\/2\/2019\/08\/lesiak-marco-1-110x128.jpg\" class=\"attachment-sportspress-fit-icon size-sportspress-fit-icon wp-post-image\" alt=\"\" \/><\/span>Marco Lesiak<\/a><\/td><td class=\"data-played\" data-label=\"Gesp.\">11<\/td><td class=\"data-attended\" data-label=\"Sp.\">11<\/td><td class=\"data-goals\" data-label=\"Tor\">0<\/td><td class=\"data-yellowcards\" data-label=\"Gelbe Karte\">0<\/td><td class=\"data-yellowredcards\" data-label=\"Gelb\/Rote Karte\">0<\/td><td class=\"data-redcards\" data-label=\"Rote Karte\">0<\/td><td class=\"data-minutesplayed\" data-label=\"min.\">990<\/td><td class=\"data-minutesperevent\" data-label=\"min.\/Sp.\">90<\/td><td class=\"data-subbedin\" data-label=\"eingew.\">0<\/td><td class=\"data-subbedout\" data-label=\"ausgew.\">0<\/td><\/tr><tr class=\"even\"><td class=\"data-name has-photo\" data-label=\"Spieler\"><a href=\"https:\/\/osk.koemau.at\/fussball\/spieler\/mario-hartlieb\/\"><span class=\"player-photo\"><img loading=\"lazy\" decoding=\"async\" width=\"85\" height=\"128\" src=\"https:\/\/osk.koemau.at\/fussball\/wp-content\/uploads\/sites\/2\/2018\/08\/hartlieb-mario-85x128.jpg\" class=\"attachment-sportspress-fit-icon size-sportspress-fit-icon wp-post-image\" alt=\"\" \/><\/span>Mario Hartlieb<\/a><\/td><td class=\"data-played\" data-label=\"Gesp.\">6<\/td><td class=\"data-attended\" data-label=\"Sp.\">11<\/td><td class=\"data-goals\" data-label=\"Tor\">0<\/td><td class=\"data-yellowcards\" data-label=\"Gelbe Karte\">0<\/td><td class=\"data-yellowredcards\" data-label=\"Gelb\/Rote Karte\">0<\/td><td class=\"data-redcards\" data-label=\"Rote Karte\">0<\/td><td class=\"data-minutesplayed\" data-label=\"min.\">289<\/td><td class=\"data-minutesperevent\" data-label=\"min.\/Sp.\">26<\/td><td class=\"data-subbedin\" data-label=\"eingew.\">3<\/td><td class=\"data-subbedout\" data-label=\"ausgew.\">1<\/td><\/tr><tr class=\"odd\"><td class=\"data-name has-photo\" data-label=\"Spieler\"><a href=\"https:\/\/osk.koemau.at\/fussball\/spieler\/mario-niescher\/\"><span class=\"player-photo\"><img loading=\"lazy\" decoding=\"async\" width=\"85\" height=\"128\" src=\"https:\/\/osk.koemau.at\/fussball\/wp-content\/uploads\/sites\/2\/2009\/03\/niescher-mario-85x128.jpg\" class=\"attachment-sportspress-fit-icon size-sportspress-fit-icon wp-post-image\" alt=\"\" \/><\/span>Mario Niescher<\/a><\/td><td class=\"data-played\" data-label=\"Gesp.\">25<\/td><td class=\"data-attended\" data-label=\"Sp.\">25<\/td><td class=\"data-goals\" data-label=\"Tor\">7<\/td><td class=\"data-yellowcards\" data-label=\"Gelbe Karte\">4<\/td><td class=\"data-yellowredcards\" data-label=\"Gelb\/Rote Karte\">0<\/td><td class=\"data-redcards\" data-label=\"Rote Karte\">0<\/td><td class=\"data-minutesplayed\" data-label=\"min.\">2204<\/td><td class=\"data-minutesperevent\" data-label=\"min.\/Sp.\">88<\/td><td class=\"data-subbedin\" data-label=\"eingew.\">0<\/td><td class=\"data-subbedout\" data-label=\"ausgew.\">2<\/td><\/tr><tr class=\"even\"><td class=\"data-name has-photo\" data-label=\"Spieler\"><a href=\"https:\/\/osk.koemau.at\/fussball\/spieler\/marko-markovic\/\"><span class=\"player-photo\"><img loading=\"lazy\" decoding=\"async\" width=\"85\" height=\"128\" src=\"https:\/\/osk.koemau.at\/fussball\/wp-content\/uploads\/sites\/2\/2019\/08\/markovic-marko-85x128.jpg\" class=\"attachment-sportspress-fit-icon size-sportspress-fit-icon wp-post-image\" alt=\"\" \/><\/span>Marko Markovic<\/a><\/td><td class=\"data-played\" data-label=\"Gesp.\">2<\/td><td class=\"data-attended\" data-label=\"Sp.\">4<\/td><td class=\"data-goals\" data-label=\"Tor\">0<\/td><td class=\"data-yellowcards\" data-label=\"Gelbe Karte\">0<\/td><td class=\"data-yellowredcards\" data-label=\"Gelb\/Rote Karte\">0<\/td><td class=\"data-redcards\" data-label=\"Rote Karte\">0<\/td><td class=\"data-minutesplayed\" data-label=\"min.\">38<\/td><td class=\"data-minutesperevent\" data-label=\"min.\/Sp.\">10<\/td><td class=\"data-subbedin\" data-label=\"eingew.\">2<\/td><td class=\"data-subbedout\" data-label=\"ausgew.\">0<\/td><\/tr><tr class=\"odd\"><td class=\"data-name has-photo\" data-label=\"Spieler\"><a href=\"https:\/\/osk.koemau.at\/fussball\/spieler\/maximilian-warmuth\/\"><span class=\"player-photo\"><img loading=\"lazy\" decoding=\"async\" width=\"100\" height=\"128\" src=\"https:\/\/osk.koemau.at\/fussball\/wp-content\/uploads\/sites\/2\/2018\/08\/warmuth-maxi-100x128.jpg\" class=\"attachment-sportspress-fit-icon size-sportspress-fit-icon wp-post-image\" alt=\"\" \/><\/span>Maximilian Warmuth<\/a><\/td><td class=\"data-played\" data-label=\"Gesp.\">18<\/td><td class=\"data-attended\" data-label=\"Sp.\">20<\/td><td class=\"data-goals\" data-label=\"Tor\">0<\/td><td class=\"data-yellowcards\" data-label=\"Gelbe Karte\">6<\/td><td class=\"data-yellowredcards\" data-label=\"Gelb\/Rote Karte\">0<\/td><td class=\"data-redcards\" data-label=\"Rote Karte\">0<\/td><td class=\"data-minutesplayed\" data-label=\"min.\">849<\/td><td class=\"data-minutesperevent\" data-label=\"min.\/Sp.\">42<\/td><td class=\"data-subbedin\" data-label=\"eingew.\">10<\/td><td class=\"data-subbedout\" data-label=\"ausgew.\">7<\/td><\/tr><tr class=\"even\"><td class=\"data-name has-photo\" data-label=\"Spieler\"><a href=\"https:\/\/osk.koemau.at\/fussball\/spieler\/niklas-hohenwarter\/\"><span class=\"player-photo\"><img loading=\"lazy\" decoding=\"async\" width=\"98\" height=\"128\" src=\"https:\/\/osk.koemau.at\/fussball\/wp-content\/uploads\/sites\/2\/2019\/08\/hohenwarter-niklas-98x128.jpg\" class=\"attachment-sportspress-fit-icon size-sportspress-fit-icon wp-post-image\" alt=\"\" \/><\/span>Niklas Hohenwarter<\/a><\/td><td class=\"data-played\" data-label=\"Gesp.\">22<\/td><td class=\"data-attended\" data-label=\"Sp.\">25<\/td><td class=\"data-goals\" data-label=\"Tor\">0<\/td><td class=\"data-yellowcards\" data-label=\"Gelbe Karte\">6<\/td><td class=\"data-yellowredcards\" data-label=\"Gelb\/Rote Karte\">0<\/td><td class=\"data-redcards\" data-label=\"Rote Karte\">0<\/td><td class=\"data-minutesplayed\" data-label=\"min.\">1481<\/td><td class=\"data-minutesperevent\" data-label=\"min.\/Sp.\">59<\/td><td class=\"data-subbedin\" data-label=\"eingew.\">6<\/td><td class=\"data-subbedout\" data-label=\"ausgew.\">6<\/td><\/tr><tr class=\"odd\"><td class=\"data-name has-photo\" data-label=\"Spieler\"><a href=\"https:\/\/osk.koemau.at\/fussball\/spieler\/paul-stampfer\/\"><span class=\"player-photo\"><img loading=\"lazy\" decoding=\"async\" width=\"85\" height=\"128\" src=\"https:\/\/osk.koemau.at\/fussball\/wp-content\/uploads\/sites\/2\/2018\/08\/stampfer-paul-85x128.jpg\" class=\"attachment-sportspress-fit-icon size-sportspress-fit-icon wp-post-image\" alt=\"\" \/><\/span>Paul Stampfer<\/a><\/td><td class=\"data-played\" data-label=\"Gesp.\">5<\/td><td class=\"data-attended\" data-label=\"Sp.\">5<\/td><td class=\"data-goals\" data-label=\"Tor\">0<\/td><td class=\"data-yellowcards\" data-label=\"Gelbe Karte\">0<\/td><td class=\"data-yellowredcards\" data-label=\"Gelb\/Rote Karte\">0<\/td><td class=\"data-redcards\" data-label=\"Rote Karte\">0<\/td><td class=\"data-minutesplayed\" data-label=\"min.\">450<\/td><td class=\"data-minutesperevent\" data-label=\"min.\/Sp.\">90<\/td><td class=\"data-subbedin\" data-label=\"eingew.\">0<\/td><td class=\"data-subbedout\" data-label=\"ausgew.\">0<\/td><\/tr><tr class=\"even\"><td class=\"data-name has-photo\" data-label=\"Spieler\"><a href=\"https:\/\/osk.koemau.at\/fussball\/spieler\/philipp-berger\/\"><span class=\"player-photo\"><img loading=\"lazy\" decoding=\"async\" width=\"85\" height=\"128\" src=\"https:\/\/osk.koemau.at\/fussball\/wp-content\/uploads\/sites\/2\/2018\/08\/berger-philipp-85x128.jpg\" class=\"attachment-sportspress-fit-icon size-sportspress-fit-icon wp-post-image\" alt=\"\" \/><\/span>Philipp Berger<\/a><\/td><td class=\"data-played\" data-label=\"Gesp.\">11<\/td><td class=\"data-attended\" data-label=\"Sp.\">15<\/td><td class=\"data-goals\" data-label=\"Tor\">0<\/td><td class=\"data-yellowcards\" data-label=\"Gelbe Karte\">0<\/td><td class=\"data-yellowredcards\" data-label=\"Gelb\/Rote Karte\">0<\/td><td class=\"data-redcards\" data-label=\"Rote Karte\">0<\/td><td class=\"data-minutesplayed\" data-label=\"min.\">521<\/td><td class=\"data-minutesperevent\" data-label=\"min.\/Sp.\">35<\/td><td class=\"data-subbedin\" data-label=\"eingew.\">5<\/td><td class=\"data-subbedout\" data-label=\"ausgew.\">4<\/td><\/tr><tr class=\"odd\"><td class=\"data-name has-photo\" data-label=\"Spieler\"><a href=\"https:\/\/osk.koemau.at\/fussball\/spieler\/samuel-karl\/\"><span class=\"player-photo\"><img loading=\"lazy\" decoding=\"async\" width=\"95\" height=\"128\" src=\"https:\/\/osk.koemau.at\/fussball\/wp-content\/uploads\/sites\/2\/2019\/08\/karl-samuel-95x128.jpg\" class=\"attachment-sportspress-fit-icon size-sportspress-fit-icon wp-post-image\" alt=\"\" \/><\/span>Samuel Karl<\/a><\/td><td class=\"data-played\" data-label=\"Gesp.\">17<\/td><td class=\"data-attended\" data-label=\"Sp.\">17<\/td><td class=\"data-goals\" data-label=\"Tor\">0<\/td><td class=\"data-yellowcards\" data-label=\"Gelbe Karte\">6<\/td><td class=\"data-yellowredcards\" data-label=\"Gelb\/Rote Karte\">1<\/td><td class=\"data-redcards\" data-label=\"Rote Karte\">0<\/td><td class=\"data-minutesplayed\" data-label=\"min.\">1417<\/td><td class=\"data-minutesperevent\" data-label=\"min.\/Sp.\">83<\/td><td class=\"data-subbedin\" data-label=\"eingew.\">0<\/td><td class=\"data-subbedout\" data-label=\"ausgew.\">2<\/td><\/tr><\/tbody><\/table><\/div><\/div><\/div>\n<p>Auch unsere Challengemannschaft hatte eine sehr schwierige Saison 2023\/24. Schlussendlich beendete man die Saison auf dem zw\u00f6lften Tabellenplatz. Im Fr\u00fchjahr holte man einen Sieg, zwei Unentschieden und musste sich acht Mal geschlagen geben.<\/p>\n","protected":false},"excerpt":{"rendered":"<p>Am Ende des Herbstdurchgangs belegte unsere Kampfmannschaft den neunten Tabellenrang, im Fr\u00fchjahr konnte man sich ein bisschen weiter nach vorne k\u00e4mpfen und beendete die Saison auf dem siebenten Tabellenplatz.<\/p>\n","protected":false},"author":3,"featured_media":9122,"comment_status":"closed","ping_status":"open","sticky":false,"template":"","format":"standard","meta":{"footnotes":""},"categories":[1],"tags":[],"_links":{"self":[{"href":"https:\/\/osk.koemau.at\/fussball\/wp-json\/wp\/v2\/posts\/9468"}],"collection":[{"href":"https:\/\/osk.koemau.at\/fussball\/wp-json\/wp\/v2\/posts"}],"about":[{"href":"https:\/\/osk.koemau.at\/fussball\/wp-json\/wp\/v2\/types\/post"}],"author":[{"embeddable":true,"href":"https:\/\/osk.koemau.at\/fussball\/wp-json\/wp\/v2\/users\/3"}],"replies":[{"embeddable":true,"href":"https:\/\/osk.koemau.at\/fussball\/wp-json\/wp\/v2\/comments?post=9468"}],"version-history":[{"count":5,"href":"https:\/\/osk.koemau.at\/fussball\/wp-json\/wp\/v2\/posts\/9468\/revisions"}],"predecessor-version":[{"id":9480,"href":"https:\/\/osk.koemau.at\/fussball\/wp-json\/wp\/v2\/posts\/9468\/revisions\/9480"}],"wp:featuredmedia":[{"embeddable":true,"href":"https:\/\/osk.koemau.at\/fussball\/wp-json\/wp\/v2\/media\/9122"}],"wp:attachment":[{"href":"https:\/\/osk.koemau.at\/fussball\/wp-json\/wp\/v2\/media?parent=9468"}],"wp:term":[{"taxonomy":"category","embeddable":true,"href":"https:\/\/osk.koemau.at\/fussball\/wp-json\/wp\/v2\/categories?post=9468"},{"taxonomy":"post_tag","embeddable":true,"href":"https:\/\/osk.koemau.at\/fussball\/wp-json\/wp\/v2\/tags?post=9468"}],"curies":[{"name":"wp","href":"https:\/\/api.w.org\/{rel}","templated":true}]}}